{"id":260794,"date":"2022-11-05T08:52:22","date_gmt":"2022-11-05T06:52:22","guid":{"rendered":"http:\/\/107.6.182.27\/es\/?p=260794"},"modified":"2022-11-05T15:27:17","modified_gmt":"2022-11-05T13:27:17","slug":"retorna-nuevo-grupo-de-refugiados-sirios-desde-el-libano-2","status":"publish","type":"post","link":"https:\/\/archive.sana.sy\/es\/?p=260794","title":{"rendered":"Retorna nuevo grupo de refugiados sirios desde el L\u00edbano"},"content":{"rendered":"<p style=\"text-align: justify;\"><span style=\"color: #800000;\"><strong>Homs, 05 nov (SANA)\u00a0<\/strong> <\/span>\u00a0Un nuevo grupo de sirios desplazados provenientes de los campamentos de refugiados en el L\u00edbano retornaron, a trav\u00e9s del cruce fronterizo de Daboussieha, a sus localiaes y aldeas liberadas del terrorismo.<\/p>\n<p style=\"text-align: justify;\">El reportero de SANA afirm\u00f3 que se han completado los preparativos para recibir a los desplazados que regresan de los campamentos de refugiados en el L\u00edbano.<\/p>\n<p style=\"text-align: justify;\">El d\u00eda veintis\u00e9is del mes pasado, decenas de familias sirias desplazadas que resid\u00edan en los campamentos de refugiados en el L\u00edbano regresaron, a trav\u00e9s de los cruces de Daboussieha en el campo de Homs y Al-Zamrani en el campo de Damasco, a sus aldeas y pueblos liberados del terrorismo como parte de los esfuerzos realizados por el Estado sirio para devolver a los desplazados a su patria.<\/p>\n<p style=\"text-align: justify;\">Nota en desarrollo&#8230;<\/p>\n","protected":false},"excerpt":{"rendered":"<p>Homs, 05 nov (SANA)\u00a0 \u00a0Un nuevo grupo de sirios desplazados provenientes de los campamentos de refugiados en el L\u00edbano retornaron, a trav\u00e9s del cruce fronterizo de Daboussieha, a sus localiaes y aldeas liberadas del terrorismo. El reportero de SANA afirm\u00f3 que se han completado los preparativos para recibir a los desplazados que regresan de los &hellip;<\/p>\n","protected":false},"author":39,"featured_media":260797,"comment_status":"closed","ping_status":"closed","sticky":false,"template":"","format":"standard","meta":{"footnotes":""},"categories":[477,597,476,7541],"tags":[8542,20607,21416],"class_list":["post-260794","post","type-post","status-publish","format-standard","has-post-thumbnail","","category-noticias-edulcorantes","category-cinta-de-noticias","category-locales","category-ultimas-noticias","tag-libano","tag-refugiados-sirios","tag-retorna"],"_links":{"self":[{"href":"https:\/\/archive.sana.sy\/es\/index.php?rest_route=\/wp\/v2\/posts\/260794"}],"collection":[{"href":"https:\/\/archive.sana.sy\/es\/index.php?rest_route=\/wp\/v2\/posts"}],"about":[{"href":"https:\/\/archive.sana.sy\/es\/index.php?rest_route=\/wp\/v2\/types\/post"}],"author":[{"embeddable":true,"href":"https:\/\/archive.sana.sy\/es\/index.php?rest_route=\/wp\/v2\/users\/39"}],"replies":[{"embeddable":true,"href":"https:\/\/archive.sana.sy\/es\/index.php?rest_route=%2Fwp%2Fv2%2Fcomments&post=260794"}],"version-history":[{"count":0,"href":"https:\/\/archive.sana.sy\/es\/index.php?rest_route=\/wp\/v2\/posts\/260794\/revisions"}],"wp:featuredmedia":[{"embeddable":true,"href":"https:\/\/archive.sana.sy\/es\/index.php?rest_route=\/wp\/v2\/media\/260797"}],"wp:attachment":[{"href":"https:\/\/archive.sana.sy\/es\/index.php?rest_route=%2Fwp%2Fv2%2Fmedia&parent=260794"}],"wp:term":[{"taxonomy":"category","embeddable":true,"href":"https:\/\/archive.sana.sy\/es\/index.php?rest_route=%2Fwp%2Fv2%2Fcategories&post=260794"},{"taxonomy":"post_tag","embeddable":true,"href":"https:\/\/archive.sana.sy\/es\/index.php?rest_route=%2Fwp%2Fv2%2Ftags&post=260794"}],"curies":[{"name":"wp","href":"https:\/\/api.w.org\/{rel}","templated":true}]}}