{"id":26082,"date":"2015-07-04T16:51:16","date_gmt":"2015-07-04T13:51:16","guid":{"rendered":"http:\/\/sana.sy\/es\/?p=26082"},"modified":"2023-01-09T14:09:59","modified_gmt":"2023-01-09T12:09:59","slug":"una-victima-mortal-y-varios-heridos-en-ataques-terroristas-contra-damasco","status":"publish","type":"post","link":"https:\/\/archive.sana.sy\/es\/?p=26082","title":{"rendered":"Una v\u00edctima mortal y varios heridos en ataques terroristas contra Damasco"},"content":{"rendered":"<p><span style=\"color: #800000\">Damasco, SANA<\/span><\/p>\n<p>Terroristas\u00a0desplegados en Yobar y GhoutaI Oriental\u00a0atacaron este s\u00e1bado con mortero varios barrios de la capital Damasco, ocasionando\u00a0un m\u00e1rtir\u00a0y varios heridos.<\/p>\n<p>Una fuente policial inform\u00f3 que nuevo proyectiles de mortero impactaron hoy el s\u00e1bado en varios barrios de Damasco, lo que caus\u00f3 la muerte de una persona y dej\u00f3 a nueve heridos.<\/p>\n<p>La fuente agreg\u00f3 que los morterazos dejaron quemados a tres veh\u00edculos, adem\u00e1s de da\u00f1os materiales en algunas casas y tiendas comerciales.<\/p>\n<p>&nbsp;<\/p>\n<p>Lynn A.<\/p>\n","protected":false},"excerpt":{"rendered":"<p>Damasco, SANA Terroristas\u00a0desplegados en Yobar y GhoutaI Oriental\u00a0atacaron este s\u00e1bado con mortero varios barrios de la capital Damasco, ocasionando\u00a0un m\u00e1rtir\u00a0y varios heridos. Una fuente policial inform\u00f3 que nuevo proyectiles de mortero impactaron hoy el s\u00e1bado en varios barrios de Damasco, lo que caus\u00f3 la muerte de una persona y dej\u00f3 a nueve heridos. La fuente &hellip;<\/p>\n","protected":false},"author":24,"featured_media":7146,"comment_status":"closed","ping_status":"closed","sticky":false,"template":"","format":"standard","meta":{"footnotes":""},"categories":[477,597,573,476],"tags":[5858],"class_list":["post-26082","post","type-post","status-publish","format-standard","has-post-thumbnail","","category-noticias-edulcorantes","category-cinta-de-noticias","category-la-realidad-de-los-acontecimientos-en-siria","category-locales","tag-una-victima-mortal-y-varios-heridos-en-ataques-terroristas-contra-damasco"],"_links":{"self":[{"href":"https:\/\/archive.sana.sy\/es\/index.php?rest_route=\/wp\/v2\/posts\/26082"}],"collection":[{"href":"https:\/\/archive.sana.sy\/es\/index.php?rest_route=\/wp\/v2\/posts"}],"about":[{"href":"https:\/\/archive.sana.sy\/es\/index.php?rest_route=\/wp\/v2\/types\/post"}],"author":[{"embeddable":true,"href":"https:\/\/archive.sana.sy\/es\/index.php?rest_route=\/wp\/v2\/users\/24"}],"replies":[{"embeddable":true,"href":"https:\/\/archive.sana.sy\/es\/index.php?rest_route=%2Fwp%2Fv2%2Fcomments&post=26082"}],"version-history":[{"count":0,"href":"https:\/\/archive.sana.sy\/es\/index.php?rest_route=\/wp\/v2\/posts\/26082\/revisions"}],"wp:featuredmedia":[{"embeddable":true,"href":"https:\/\/archive.sana.sy\/es\/index.php?rest_route=\/wp\/v2\/media\/7146"}],"wp:attachment":[{"href":"https:\/\/archive.sana.sy\/es\/index.php?rest_route=%2Fwp%2Fv2%2Fmedia&parent=26082"}],"wp:term":[{"taxonomy":"category","embeddable":true,"href":"https:\/\/archive.sana.sy\/es\/index.php?rest_route=%2Fwp%2Fv2%2Fcategories&post=26082"},{"taxonomy":"post_tag","embeddable":true,"href":"https:\/\/archive.sana.sy\/es\/index.php?rest_route=%2Fwp%2Fv2%2Ftags&post=26082"}],"curies":[{"name":"wp","href":"https:\/\/api.w.org\/{rel}","templated":true}]}}