{"id":260879,"date":"2022-11-05T14:42:30","date_gmt":"2022-11-05T12:42:30","guid":{"rendered":"http:\/\/107.6.182.27\/es\/?p=260879"},"modified":"2022-11-05T17:17:18","modified_gmt":"2022-11-05T15:17:18","slug":"reanudan-operacion-para-erradicar-los-terroristas-de-daesh-en-la-ciudad-de-deraa-sur-de-siria","status":"publish","type":"post","link":"https:\/\/archive.sana.sy\/es\/?p=260879","title":{"rendered":"Reanudan operaci\u00f3n para erradicar los terroristas de Daesh en la ciudad de Deraa, sur de Siria"},"content":{"rendered":"<blockquote>\n<p style=\"text-align: justify;\"><span style=\"color: #800000;\"><strong>La operaci\u00f3n se hab\u00eda detenido durante dos d\u00edas para asegurar la salida de los civiles del \u00e1rea de operaciones, ya que los terroristas los usaban como escudos humanos.<\/strong><\/span><\/p>\n<\/blockquote>\n<p style=\"text-align: justify;\"><span style=\"color: #800000;\"><strong>Deraa, 05 nov (SANA)\u00a0<\/strong><\/span> Una fuente de las Fuerzas de Seguridad anunci\u00f3 la reanudaci\u00f3n de la operaci\u00f3n para eliminar los terroristas de la agrupaci\u00f3n radical Daesh que se atrincheran en el barrio de Tariq Al-Sad en la ciudad de Deraa.<\/p>\n<p style=\"text-align: justify;\">La operaci\u00f3n se hab\u00eda detenido durante dos d\u00edas para asegurar la salida de los civiles del \u00e1rea de operaciones, ya que los terroristas los usaban como escudos humanos.<\/p>\n<p style=\"text-align: justify;\">La fuente indic\u00f3 que el operativo se lleva a cabo con la participaci\u00f3n de los servicios de seguridad y fuerzas populares, y hubo avance al tomar varios cuarteles de los radicales, mientras contin\u00faa la persecuci\u00f3n de otros.<\/p>\n<p style=\"text-align: justify;\">El d\u00eda 31 de octubre \u00faltimo, Las fuerzas de seguridad, en cooperaci\u00f3n con grupos populares, eliminaron a varios terroristas del Daesh y confiscaron una gran cantidad de municiones en el mismo barrio.<\/p>\n<p style=\"text-align: justify;\">La fuente explic\u00f3 que el operativo de seguridad se lleva a cabo de manera organizada y con gran cooperaci\u00f3n de grupos locales y civiles con el objetivo de eliminar la presencia de terrorista del Daesh en la zona.<\/p>\n<p style=\"text-align: justify;\">fm\/sm<\/p>\n","protected":false},"excerpt":{"rendered":"<p>La operaci\u00f3n se hab\u00eda detenido durante dos d\u00edas para asegurar la salida de los civiles del \u00e1rea de operaciones, ya que los terroristas los usaban como escudos humanos. Deraa, 05 nov (SANA)\u00a0 Una fuente de las Fuerzas de Seguridad anunci\u00f3 la reanudaci\u00f3n de la operaci\u00f3n para eliminar los terroristas de la agrupaci\u00f3n radical Daesh que &hellip;<\/p>\n","protected":false},"author":39,"featured_media":260884,"comment_status":"closed","ping_status":"closed","sticky":false,"template":"","format":"standard","meta":{"footnotes":""},"categories":[477,597,573,476,583],"tags":[17398,8616,21428,20344],"class_list":["post-260879","post","type-post","status-publish","format-standard","has-post-thumbnail","","category-noticias-edulcorantes","category-cinta-de-noticias","category-la-realidad-de-los-acontecimientos-en-siria","category-locales","category-slide","tag-deraa","tag-daesh","tag-erradicar","tag-operacion"],"_links":{"self":[{"href":"https:\/\/archive.sana.sy\/es\/index.php?rest_route=\/wp\/v2\/posts\/260879"}],"collection":[{"href":"https:\/\/archive.sana.sy\/es\/index.php?rest_route=\/wp\/v2\/posts"}],"about":[{"href":"https:\/\/archive.sana.sy\/es\/index.php?rest_route=\/wp\/v2\/types\/post"}],"author":[{"embeddable":true,"href":"https:\/\/archive.sana.sy\/es\/index.php?rest_route=\/wp\/v2\/users\/39"}],"replies":[{"embeddable":true,"href":"https:\/\/archive.sana.sy\/es\/index.php?rest_route=%2Fwp%2Fv2%2Fcomments&post=260879"}],"version-history":[{"count":0,"href":"https:\/\/archive.sana.sy\/es\/index.php?rest_route=\/wp\/v2\/posts\/260879\/revisions"}],"wp:featuredmedia":[{"embeddable":true,"href":"https:\/\/archive.sana.sy\/es\/index.php?rest_route=\/wp\/v2\/media\/260884"}],"wp:attachment":[{"href":"https:\/\/archive.sana.sy\/es\/index.php?rest_route=%2Fwp%2Fv2%2Fmedia&parent=260879"}],"wp:term":[{"taxonomy":"category","embeddable":true,"href":"https:\/\/archive.sana.sy\/es\/index.php?rest_route=%2Fwp%2Fv2%2Fcategories&post=260879"},{"taxonomy":"post_tag","embeddable":true,"href":"https:\/\/archive.sana.sy\/es\/index.php?rest_route=%2Fwp%2Fv2%2Ftags&post=260879"}],"curies":[{"name":"wp","href":"https:\/\/api.w.org\/{rel}","templated":true}]}}