{"id":260925,"date":"2022-11-06T05:14:50","date_gmt":"2022-11-06T03:14:50","guid":{"rendered":"http:\/\/107.6.182.27\/es\/?p=260925"},"modified":"2023-01-10T15:50:44","modified_gmt":"2023-01-10T13:50:44","slug":"habria-perdido-el-juicio-zelenski-pide-atacar-las-fabricas-iranies-de-drones","status":"publish","type":"post","link":"https:\/\/archive.sana.sy\/es\/?p=260925","title":{"rendered":"\u00a1Habr\u00eda perdido el juicio!, Zelenski pide atacar las f\u00e1bricas iran\u00edes de drones"},"content":{"rendered":"<p style=\"text-align: justify;\"><span style=\"color: #800000;\"><strong>Mosc\u00fa, 6 nov (SANA)<\/strong> <\/span>El asesor del jefe de la Oficina presidencial ucraniana, Mija\u00edl Podoliak, inst\u00f3 a lanzar ataques contra las instalaciones iran\u00edes de fabricaci\u00f3n de drones, los cuales supuestamente son suministrados a Rusia, difundi\u00f3 la cadena RT.<\/p>\n<p style=\"text-align: justify;\">&#8220;Es necesario no tan solo imponer sanciones o embargos, me parece que se podr\u00edan realizar ataques concretos contra la producci\u00f3n de drones, misiles bal\u00edsticos, etc.&#8221;, afirm\u00f3 Podoliak.<\/p>\n<p style=\"text-align: justify;\">Asimismo, Podoliak tach\u00f3 de &#8220;extra\u00f1as&#8221; las recientes afirmaciones del ministro de Asuntos Exteriores de Ir\u00e1n, Hossein Amir Abdollahian, quien dijo que Teher\u00e1n proporcion\u00f3 a Mosc\u00fa &#8220;una peque\u00f1a cantidad de aviones no tripulados unos meses antes&#8221; del inicio del operativo ruso.<\/p>\n<p style=\"text-align: justify;\">fm<\/p>\n<p style=\"text-align: justify;\">\n","protected":false},"excerpt":{"rendered":"<p>Mosc\u00fa, 6 nov (SANA) El asesor del jefe de la Oficina presidencial ucraniana, Mija\u00edl Podoliak, inst\u00f3 a lanzar ataques contra las instalaciones iran\u00edes de fabricaci\u00f3n de drones, los cuales supuestamente son suministrados a Rusia, difundi\u00f3 la cadena RT. &#8220;Es necesario no tan solo imponer sanciones o embargos, me parece que se podr\u00edan realizar ataques concretos &hellip;<\/p>\n","protected":false},"author":34,"featured_media":260926,"comment_status":"closed","ping_status":"closed","sticky":false,"template":"","format":"standard","meta":{"footnotes":""},"categories":[597,456,20724,7541],"tags":[],"class_list":["post-260925","post","type-post","status-publish","format-standard","has-post-thumbnail","","category-cinta-de-noticias","category-arabe-internacional-politica","category-minuto-a-minuto","category-ultimas-noticias"],"_links":{"self":[{"href":"https:\/\/archive.sana.sy\/es\/index.php?rest_route=\/wp\/v2\/posts\/260925"}],"collection":[{"href":"https:\/\/archive.sana.sy\/es\/index.php?rest_route=\/wp\/v2\/posts"}],"about":[{"href":"https:\/\/archive.sana.sy\/es\/index.php?rest_route=\/wp\/v2\/types\/post"}],"author":[{"embeddable":true,"href":"https:\/\/archive.sana.sy\/es\/index.php?rest_route=\/wp\/v2\/users\/34"}],"replies":[{"embeddable":true,"href":"https:\/\/archive.sana.sy\/es\/index.php?rest_route=%2Fwp%2Fv2%2Fcomments&post=260925"}],"version-history":[{"count":0,"href":"https:\/\/archive.sana.sy\/es\/index.php?rest_route=\/wp\/v2\/posts\/260925\/revisions"}],"wp:featuredmedia":[{"embeddable":true,"href":"https:\/\/archive.sana.sy\/es\/index.php?rest_route=\/wp\/v2\/media\/260926"}],"wp:attachment":[{"href":"https:\/\/archive.sana.sy\/es\/index.php?rest_route=%2Fwp%2Fv2%2Fmedia&parent=260925"}],"wp:term":[{"taxonomy":"category","embeddable":true,"href":"https:\/\/archive.sana.sy\/es\/index.php?rest_route=%2Fwp%2Fv2%2Fcategories&post=260925"},{"taxonomy":"post_tag","embeddable":true,"href":"https:\/\/archive.sana.sy\/es\/index.php?rest_route=%2Fwp%2Fv2%2Ftags&post=260925"}],"curies":[{"name":"wp","href":"https:\/\/api.w.org\/{rel}","templated":true}]}}