{"id":260929,"date":"2022-11-06T08:13:01","date_gmt":"2022-11-06T06:13:01","guid":{"rendered":"http:\/\/107.6.182.27\/es\/?p=260929"},"modified":"2023-01-10T15:50:44","modified_gmt":"2023-01-10T13:50:44","slug":"la-mujer-mas-alta-del-mundo-pudo-viajar-por-primera-vez-en-su-vida-en-un-avion","status":"publish","type":"post","link":"https:\/\/archive.sana.sy\/es\/?p=260929","title":{"rendered":"La mujer m\u00e1s alta del mundo pudo viajar por primera vez en su vida en un avi\u00f3n"},"content":{"rendered":"<p style=\"text-align: justify;\"><span style=\"color: #800000;\"><strong>Ankara, 6 nov (SANA)<\/strong><\/span> Rumeysa Gelgi, de 25 a\u00f1os de edad, tiene una condici\u00f3n gen\u00e9tica rara llamada s\u00edndrome de Weaver que la convirti\u00f3 en la mujer m\u00e1s alta del planeta.<\/p>\n<p style=\"text-align: justify;\">Gelgi, de nacionalidad turca, pudo viajar por primera vez en su vida en un avi\u00f3n, y para lograrlo tuvieron que remover seis asientos para que pudiera viajar acostada.<\/p>\n<p style=\"text-align: justify;\">Por medio de su Instagram, Gelgi calific\u00f3 su experiencia como \u201cun viaje impecable de principio a fin\u201d.<\/p>\n<p style=\"text-align: justify;\">Ella acumula cuatro certificados r\u00e9cords mundiales Guinness: se convirti\u00f3 en la adolescente viva de mayor estatura, cuenta con los dedos m\u00e1s largos de una mujer y su mano derecha es la m\u00e1s larga.<\/p>\n<p style=\"text-align: justify;\"><em><strong>ws\/fm<\/strong><\/em><\/p>\n","protected":false},"excerpt":{"rendered":"<p>Ankara, 6 nov (SANA) Rumeysa Gelgi, de 25 a\u00f1os de edad, tiene una condici\u00f3n gen\u00e9tica rara llamada s\u00edndrome de Weaver que la convirti\u00f3 en la mujer m\u00e1s alta del planeta. Gelgi, de nacionalidad turca, pudo viajar por primera vez en su vida en un avi\u00f3n, y para lograrlo tuvieron que remover seis asientos para que &hellip;<\/p>\n","protected":false},"author":35,"featured_media":260930,"comment_status":"closed","ping_status":"closed","sticky":false,"template":"","format":"standard","meta":{"footnotes":""},"categories":[597,456,20724,457,7541],"tags":[],"class_list":["post-260929","post","type-post","status-publish","format-standard","has-post-thumbnail","","category-cinta-de-noticias","category-arabe-internacional-politica","category-minuto-a-minuto","category-noticias-arabe-internacional-politica","category-ultimas-noticias"],"_links":{"self":[{"href":"https:\/\/archive.sana.sy\/es\/index.php?rest_route=\/wp\/v2\/posts\/260929"}],"collection":[{"href":"https:\/\/archive.sana.sy\/es\/index.php?rest_route=\/wp\/v2\/posts"}],"about":[{"href":"https:\/\/archive.sana.sy\/es\/index.php?rest_route=\/wp\/v2\/types\/post"}],"author":[{"embeddable":true,"href":"https:\/\/archive.sana.sy\/es\/index.php?rest_route=\/wp\/v2\/users\/35"}],"replies":[{"embeddable":true,"href":"https:\/\/archive.sana.sy\/es\/index.php?rest_route=%2Fwp%2Fv2%2Fcomments&post=260929"}],"version-history":[{"count":0,"href":"https:\/\/archive.sana.sy\/es\/index.php?rest_route=\/wp\/v2\/posts\/260929\/revisions"}],"wp:featuredmedia":[{"embeddable":true,"href":"https:\/\/archive.sana.sy\/es\/index.php?rest_route=\/wp\/v2\/media\/260930"}],"wp:attachment":[{"href":"https:\/\/archive.sana.sy\/es\/index.php?rest_route=%2Fwp%2Fv2%2Fmedia&parent=260929"}],"wp:term":[{"taxonomy":"category","embeddable":true,"href":"https:\/\/archive.sana.sy\/es\/index.php?rest_route=%2Fwp%2Fv2%2Fcategories&post=260929"},{"taxonomy":"post_tag","embeddable":true,"href":"https:\/\/archive.sana.sy\/es\/index.php?rest_route=%2Fwp%2Fv2%2Ftags&post=260929"}],"curies":[{"name":"wp","href":"https:\/\/api.w.org\/{rel}","templated":true}]}}