{"id":260935,"date":"2022-11-06T09:45:36","date_gmt":"2022-11-06T07:45:36","guid":{"rendered":"http:\/\/107.6.182.27\/es\/?p=260935"},"modified":"2023-01-10T15:50:43","modified_gmt":"2023-01-10T13:50:43","slug":"hara-eeuu-de-ucrania-un-nuevo-afganistan-dentro-de-europa","status":"publish","type":"post","link":"https:\/\/archive.sana.sy\/es\/?p=260935","title":{"rendered":"\u00bfHar\u00e1 EEUU de Ucrania un nuevo Afganist\u00e1n dentro de Europa?"},"content":{"rendered":"<blockquote>\n<p style=\"text-align: justify;\"><span style=\"color: #ff0000;\"><strong>&#8220;Antes de que comenzara el conflicto, dije que si EEUU sigue as\u00ed, Ucrania se convertir\u00e1 en el pr\u00f3ximo Afganist\u00e1n. Como quer\u00edamos tanto a Afganist\u00e1n, lo destruimos. Ese es el estilo estadounidense&#8221;<\/strong><\/span><\/p>\n<\/blockquote>\n<p style=\"text-align: justify;\">\n<span style=\"color: #800000;\"><strong>Damasco, 6 nov (SANA)<\/strong><\/span>\u00a0 Europa se arriesga a tener un &#8220;nuevo Afganist\u00e1n&#8221; dentro de sus fronteras debido a Ucrania, a menos que cambie su actual posici\u00f3n respecto a Rusia y apueste por volver a la mesa de negociaciones, declar\u00f3 el economista estadounidense Jeffrey Sachs a la emisora portuguesa &#8216;RTP.&#8217;<\/p>\n<p style=\"text-align: justify;\">En esta entrevista, el acad\u00e9mico se enfrent\u00f3 a una cr\u00edtica de la pol\u00edtica exterior de Estados Unidos.<\/p>\n<p style=\"text-align: justify;\">&#8220;Conozco muy bien mi propio pa\u00eds, EEUU; hemos sido una m\u00e1quina de guerra durante pr\u00e1cticamente toda mi vida: Vietnam, Laos, Camboya, Nicaragua, Irak, Afganist\u00e1n, Siria, Libia. EEUU hace las guerras, pero Europa no&#8221;, se\u00f1al\u00f3.<\/p>\n<p style=\"text-align: justify;\">Apunt\u00f3 que Europa sol\u00eda ser una campeona de la diplomacia, pero ahora se limita a abrazar la l\u00ednea estadounidense: &#8220;\u00a1Debemos derrotar a Putin!, &#8216;no negociamos&#8221;, etc. Sin embargo, en opini\u00f3n del experto, es muy peligroso para Europa, y podr\u00eda verse muy afectada por todo esto.<\/p>\n<p style=\"text-align: justify;\">&#8220;El r\u00e9gimen de sanciones est\u00e1 causando un da\u00f1o colosal a Europa. Y por eso creo que cometi\u00f3 un error al aferrarse a una narrativa estadounidense de esta crisis sin ir realmente por un camino m\u00e1s sensato&#8221;, apunt\u00f3 Sachs.<\/p>\n<p style=\"text-align: justify;\">El economista cree que EEUU convertir\u00e1 a Ucrania en un segundo Afganist\u00e1n y la dejar\u00e1 en ruinas.<\/p>\n<p style=\"text-align: justify;\">&#8220;Antes de que comenzara el conflicto, dije que si EEUU sigue as\u00ed, Ucrania se convertir\u00e1 en el pr\u00f3ximo Afganist\u00e1n. Como quer\u00edamos tanto a Afganist\u00e1n, lo destruimos. Ese es el estilo estadounidense&#8221;, resumi\u00f3.<\/p>\n<p style=\"text-align: justify;\">Adem\u00e1s, a\u00f1adi\u00f3 que hay diferentes perspectivas a la situaci\u00f3n y es muy importante la diplomacia, aunque los mandatarios europeos afirman que &#8220;no hay diplomacia con Putin&#8221;.<\/p>\n<p style=\"text-align: justify;\">&#8220;Esa es una perspectiva terrible y equivocada. O &#8216;\u00a1no puedes hablar con China!&#8217;, que es una perspectiva norteamericana. As\u00ed que este es, creo, el principal error, porque si realmente discuti\u00e9ramos, debati\u00e9ramos, negoci\u00e1ramos, encontrar\u00edamos soluciones para acabar con el conflicto en Ucrania, encontrar\u00edamos soluciones a las crecientes tensiones en Taiw\u00e1n, en Asia Oriental. Hay posibles soluciones, pero de momento no nos comprometemos a resolver los problemas&#8221;, coment\u00f3 Sachs a RTP.<\/p>\n<p style=\"text-align: justify;\">Seg\u00fan \u00e9l, la idea actual que tienen los ucranianos y los estadounidenses es &#8220;vamos a derrotar a Putin&#8221;, pero &#8220;no es realista&#8221;.<\/p>\n<p style=\"text-align: justify;\">&#8220;No creo que esa sea una receta que vaya a salvar a Ucrania y es una receta que amenaza al mundo entero, francamente&#8221;, concluy\u00f3.<\/p>\n<p><strong>Fuente: Sputnik<\/strong><\/p>\n","protected":false},"excerpt":{"rendered":"<p>&#8220;Antes de que comenzara el conflicto, dije que si EEUU sigue as\u00ed, Ucrania se convertir\u00e1 en el pr\u00f3ximo Afganist\u00e1n. Como quer\u00edamos tanto a Afganist\u00e1n, lo destruimos. Ese es el estilo estadounidense&#8221; Damasco, 6 nov (SANA)\u00a0 Europa se arriesga a tener un &#8220;nuevo Afganist\u00e1n&#8221; dentro de sus fronteras debido a Ucrania, a menos que cambie su &hellip;<\/p>\n","protected":false},"author":35,"featured_media":260936,"comment_status":"closed","ping_status":"closed","sticky":false,"template":"","format":"standard","meta":{"footnotes":""},"categories":[597,456,20724,457,583],"tags":[],"class_list":["post-260935","post","type-post","status-publish","format-standard","has-post-thumbnail","","category-cinta-de-noticias","category-arabe-internacional-politica","category-minuto-a-minuto","category-noticias-arabe-internacional-politica","category-slide"],"_links":{"self":[{"href":"https:\/\/archive.sana.sy\/es\/index.php?rest_route=\/wp\/v2\/posts\/260935"}],"collection":[{"href":"https:\/\/archive.sana.sy\/es\/index.php?rest_route=\/wp\/v2\/posts"}],"about":[{"href":"https:\/\/archive.sana.sy\/es\/index.php?rest_route=\/wp\/v2\/types\/post"}],"author":[{"embeddable":true,"href":"https:\/\/archive.sana.sy\/es\/index.php?rest_route=\/wp\/v2\/users\/35"}],"replies":[{"embeddable":true,"href":"https:\/\/archive.sana.sy\/es\/index.php?rest_route=%2Fwp%2Fv2%2Fcomments&post=260935"}],"version-history":[{"count":0,"href":"https:\/\/archive.sana.sy\/es\/index.php?rest_route=\/wp\/v2\/posts\/260935\/revisions"}],"wp:featuredmedia":[{"embeddable":true,"href":"https:\/\/archive.sana.sy\/es\/index.php?rest_route=\/wp\/v2\/media\/260936"}],"wp:attachment":[{"href":"https:\/\/archive.sana.sy\/es\/index.php?rest_route=%2Fwp%2Fv2%2Fmedia&parent=260935"}],"wp:term":[{"taxonomy":"category","embeddable":true,"href":"https:\/\/archive.sana.sy\/es\/index.php?rest_route=%2Fwp%2Fv2%2Fcategories&post=260935"},{"taxonomy":"post_tag","embeddable":true,"href":"https:\/\/archive.sana.sy\/es\/index.php?rest_route=%2Fwp%2Fv2%2Ftags&post=260935"}],"curies":[{"name":"wp","href":"https:\/\/api.w.org\/{rel}","templated":true}]}}