{"id":260938,"date":"2022-11-06T10:39:21","date_gmt":"2022-11-06T08:39:21","guid":{"rendered":"http:\/\/107.6.182.27\/es\/?p=260938"},"modified":"2023-01-10T15:50:43","modified_gmt":"2023-01-10T13:50:43","slug":"heridos-y-detenidos-palestinos-durante-una-redada-israeli-en-cisjordania","status":"publish","type":"post","link":"https:\/\/archive.sana.sy\/es\/?p=260938","title":{"rendered":"Heridos y detenidos palestinos durante una redada israel\u00ed en Cisjordania"},"content":{"rendered":"<p style=\"text-align: justify;\"><span style=\"color: #800000;\"><strong>Jerusal\u00e9n ocupada, 6 nov (SANA)\u00a0<\/strong> <\/span>Varios palestinos resultaron heridos hoy, y otros fueron arrestados durante una redada de las fuerzas de ocupaci\u00f3n israel\u00edes en Cisjordania.<\/p>\n<p style=\"text-align: justify;\">La agencia de noticias Wafa inform\u00f3 que los militares israel\u00edes irrumpieron en la ciudad de Al-Sawiya, al sur de Naplusa donde atacaron a los palestinos con botes de gas lacrim\u00f3geno provocando casos de asfixia entre ellos.<\/p>\n<p style=\"text-align: justify;\">Asimismo, el ej\u00e9rcito israel\u00ed entr\u00f3 en varios barrios de Hebr\u00f3n y Silwan, al sur de la mezquita de Al-Aqsa, y arrestaron a tres palestinos.<\/p>\n<p style=\"text-align: justify;\"><strong>ws\/fm<\/strong><\/p>\n","protected":false},"excerpt":{"rendered":"<p>Jerusal\u00e9n ocupada, 6 nov (SANA)\u00a0 Varios palestinos resultaron heridos hoy, y otros fueron arrestados durante una redada de las fuerzas de ocupaci\u00f3n israel\u00edes en Cisjordania. La agencia de noticias Wafa inform\u00f3 que los militares israel\u00edes irrumpieron en la ciudad de Al-Sawiya, al sur de Naplusa donde atacaron a los palestinos con botes de gas lacrim\u00f3geno &hellip;<\/p>\n","protected":false},"author":35,"featured_media":260939,"comment_status":"closed","ping_status":"closed","sticky":false,"template":"","format":"standard","meta":{"footnotes":""},"categories":[597,456,20724,7541],"tags":[],"class_list":["post-260938","post","type-post","status-publish","format-standard","has-post-thumbnail","","category-cinta-de-noticias","category-arabe-internacional-politica","category-minuto-a-minuto","category-ultimas-noticias"],"_links":{"self":[{"href":"https:\/\/archive.sana.sy\/es\/index.php?rest_route=\/wp\/v2\/posts\/260938"}],"collection":[{"href":"https:\/\/archive.sana.sy\/es\/index.php?rest_route=\/wp\/v2\/posts"}],"about":[{"href":"https:\/\/archive.sana.sy\/es\/index.php?rest_route=\/wp\/v2\/types\/post"}],"author":[{"embeddable":true,"href":"https:\/\/archive.sana.sy\/es\/index.php?rest_route=\/wp\/v2\/users\/35"}],"replies":[{"embeddable":true,"href":"https:\/\/archive.sana.sy\/es\/index.php?rest_route=%2Fwp%2Fv2%2Fcomments&post=260938"}],"version-history":[{"count":0,"href":"https:\/\/archive.sana.sy\/es\/index.php?rest_route=\/wp\/v2\/posts\/260938\/revisions"}],"wp:featuredmedia":[{"embeddable":true,"href":"https:\/\/archive.sana.sy\/es\/index.php?rest_route=\/wp\/v2\/media\/260939"}],"wp:attachment":[{"href":"https:\/\/archive.sana.sy\/es\/index.php?rest_route=%2Fwp%2Fv2%2Fmedia&parent=260938"}],"wp:term":[{"taxonomy":"category","embeddable":true,"href":"https:\/\/archive.sana.sy\/es\/index.php?rest_route=%2Fwp%2Fv2%2Fcategories&post=260938"},{"taxonomy":"post_tag","embeddable":true,"href":"https:\/\/archive.sana.sy\/es\/index.php?rest_route=%2Fwp%2Fv2%2Ftags&post=260938"}],"curies":[{"name":"wp","href":"https:\/\/api.w.org\/{rel}","templated":true}]}}