{"id":260941,"date":"2022-11-06T11:13:03","date_gmt":"2022-11-06T09:13:03","guid":{"rendered":"http:\/\/107.6.182.27\/es\/?p=260941"},"modified":"2023-01-10T15:50:43","modified_gmt":"2023-01-10T13:50:43","slug":"un-avion-tanzano-se-estrello-en-el-lago-victoria","status":"publish","type":"post","link":"https:\/\/archive.sana.sy\/es\/?p=260941","title":{"rendered":"Un avi\u00f3n tanzano se estrell\u00f3 en el lago Victoria"},"content":{"rendered":"<blockquote>\n<p style=\"text-align: justify;\"><strong>Seg\u00fan Tanzania Broadcasting Corporation el accidente se produjo debido a &#8220;una tormenta y fuertes lluvias&#8221;.<\/strong><\/p>\n<\/blockquote>\n<p style=\"text-align: justify;\"><span style=\"color: #800000;\"><strong>Dar es-Salam , 6 nov (SANA)\u00a0 \u00a0<\/strong> <\/span>Un avi\u00f3n de la compa\u00f1\u00eda tanzana Precision Air se estrell\u00f3 en el lago Victoria mientras se aproximaba al aeropuerto de Bukoba, en el norte de Tanzania.<\/p>\n<p style=\"text-align: justify;\">49 pasajeros y 4 tripulantes se encontraban a bordo de la aeronave en el momento del siniestro.<\/p>\n<p style=\"text-align: justify;\">Seg\u00fan Tanzania Broadcasting Corporation el accidente se produjo debido a &#8220;una tormenta y fuertes lluvias&#8221;.<\/p>\n<p style=\"text-align: justify;\">Por el momento se desconoce si el accidente caus\u00f3 algunas v\u00edctimas, y los bomberos y los pescadores llevan a cabo labores d rescate.<\/p>\n<p style=\"text-align: justify;\">fm\/ed<\/p>\n","protected":false},"excerpt":{"rendered":"<p>Seg\u00fan Tanzania Broadcasting Corporation el accidente se produjo debido a &#8220;una tormenta y fuertes lluvias&#8221;. Dar es-Salam , 6 nov (SANA)\u00a0 \u00a0 Un avi\u00f3n de la compa\u00f1\u00eda tanzana Precision Air se estrell\u00f3 en el lago Victoria mientras se aproximaba al aeropuerto de Bukoba, en el norte de Tanzania. 49 pasajeros y 4 tripulantes se encontraban &hellip;<\/p>\n","protected":false},"author":32,"featured_media":260942,"comment_status":"closed","ping_status":"closed","sticky":false,"template":"","format":"standard","meta":{"footnotes":""},"categories":[597,456,7541],"tags":[],"class_list":["post-260941","post","type-post","status-publish","format-standard","has-post-thumbnail","","category-cinta-de-noticias","category-arabe-internacional-politica","category-ultimas-noticias"],"_links":{"self":[{"href":"https:\/\/archive.sana.sy\/es\/index.php?rest_route=\/wp\/v2\/posts\/260941"}],"collection":[{"href":"https:\/\/archive.sana.sy\/es\/index.php?rest_route=\/wp\/v2\/posts"}],"about":[{"href":"https:\/\/archive.sana.sy\/es\/index.php?rest_route=\/wp\/v2\/types\/post"}],"author":[{"embeddable":true,"href":"https:\/\/archive.sana.sy\/es\/index.php?rest_route=\/wp\/v2\/users\/32"}],"replies":[{"embeddable":true,"href":"https:\/\/archive.sana.sy\/es\/index.php?rest_route=%2Fwp%2Fv2%2Fcomments&post=260941"}],"version-history":[{"count":0,"href":"https:\/\/archive.sana.sy\/es\/index.php?rest_route=\/wp\/v2\/posts\/260941\/revisions"}],"wp:featuredmedia":[{"embeddable":true,"href":"https:\/\/archive.sana.sy\/es\/index.php?rest_route=\/wp\/v2\/media\/260942"}],"wp:attachment":[{"href":"https:\/\/archive.sana.sy\/es\/index.php?rest_route=%2Fwp%2Fv2%2Fmedia&parent=260941"}],"wp:term":[{"taxonomy":"category","embeddable":true,"href":"https:\/\/archive.sana.sy\/es\/index.php?rest_route=%2Fwp%2Fv2%2Fcategories&post=260941"},{"taxonomy":"post_tag","embeddable":true,"href":"https:\/\/archive.sana.sy\/es\/index.php?rest_route=%2Fwp%2Fv2%2Ftags&post=260941"}],"curies":[{"name":"wp","href":"https:\/\/api.w.org\/{rel}","templated":true}]}}