{"id":260966,"date":"2022-11-06T12:55:48","date_gmt":"2022-11-06T10:55:48","guid":{"rendered":"http:\/\/107.6.182.27\/es\/?p=260966"},"modified":"2022-11-06T12:55:48","modified_gmt":"2022-11-06T10:55:48","slug":"el-cine-sirio-gana-tres-premios-en-el-festival-de-cartago","status":"publish","type":"post","link":"https:\/\/archive.sana.sy\/es\/?p=260966","title":{"rendered":"El cine sirio gana tres premios en el Festival de Cartago"},"content":{"rendered":"<p style=\"text-align: justify;\"><span style=\"color: #800000;\"><strong>Damasco, 06 nov (SANA)\u00a0 <\/strong><\/span>El cine sirio gan\u00f3 tres premios en la 33 edici\u00f3n del Festival de Cine de Cartago, que tuvo lugar recientemente en la capital tunecina.<\/p>\n<p style=\"text-align: justify;\">El largometraje titulado \u201cEl Camino\u201d, dirigido y escrito por Abdel Latif Abdel Hamid en colaboraci\u00f3n con Adel Mahmoud, y producido por la Direcci\u00f3n General de Cine, gan\u00f3 el Premio del P\u00fablico.<\/p>\n<p style=\"text-align: justify;\">Mientras que el cortometraje documental &#8220;Gente de arriba&#8221;, dirigido por Firas Mohammad, gan\u00f3 el premio el Tanit de oro.<\/p>\n<p style=\"text-align: justify;\">Asimismo, el artista Muafaq al-Ahmad gan\u00f3 el Premio al Mejor Actor por su papel en el largometraje \u201cEl Camino\u201d.<\/p>\n<p style=\"text-align: justify;\">Las pel\u00edculas sirias ganan tres premios en el Festival de Cine de Carthage, T\u00fanez<\/p>\n<p style=\"text-align: justify;\">El Festival de Cine de Cartago, cuyas actividades comenzaron el 29 del mes pasado, fue testigo de una notable presencia de artistas sirios, durante la cual se homenaje\u00f3 a la talentosa artista Mona Wassef y Abdel Monayem Amayri en reconocimiento a su destacada carrera art\u00edstica.<\/p>\n<p>ed\/fm<\/p>\n","protected":false},"excerpt":{"rendered":"<p>Damasco, 06 nov (SANA)\u00a0 El cine sirio gan\u00f3 tres premios en la 33 edici\u00f3n del Festival de Cine de Cartago, que tuvo lugar recientemente en la capital tunecina. El largometraje titulado \u201cEl Camino\u201d, dirigido y escrito por Abdel Latif Abdel Hamid en colaboraci\u00f3n con Adel Mahmoud, y producido por la Direcci\u00f3n General de Cine, gan\u00f3 &hellip;<\/p>\n","protected":false},"author":32,"featured_media":260967,"comment_status":"closed","ping_status":"closed","sticky":false,"template":"","format":"standard","meta":{"footnotes":""},"categories":[597,510,7541],"tags":[8603],"class_list":["post-260966","post","type-post","status-publish","format-standard","has-post-thumbnail","","category-cinta-de-noticias","category-arte-y-cultura","category-ultimas-noticias","tag-tunez"],"_links":{"self":[{"href":"https:\/\/archive.sana.sy\/es\/index.php?rest_route=\/wp\/v2\/posts\/260966"}],"collection":[{"href":"https:\/\/archive.sana.sy\/es\/index.php?rest_route=\/wp\/v2\/posts"}],"about":[{"href":"https:\/\/archive.sana.sy\/es\/index.php?rest_route=\/wp\/v2\/types\/post"}],"author":[{"embeddable":true,"href":"https:\/\/archive.sana.sy\/es\/index.php?rest_route=\/wp\/v2\/users\/32"}],"replies":[{"embeddable":true,"href":"https:\/\/archive.sana.sy\/es\/index.php?rest_route=%2Fwp%2Fv2%2Fcomments&post=260966"}],"version-history":[{"count":0,"href":"https:\/\/archive.sana.sy\/es\/index.php?rest_route=\/wp\/v2\/posts\/260966\/revisions"}],"wp:featuredmedia":[{"embeddable":true,"href":"https:\/\/archive.sana.sy\/es\/index.php?rest_route=\/wp\/v2\/media\/260967"}],"wp:attachment":[{"href":"https:\/\/archive.sana.sy\/es\/index.php?rest_route=%2Fwp%2Fv2%2Fmedia&parent=260966"}],"wp:term":[{"taxonomy":"category","embeddable":true,"href":"https:\/\/archive.sana.sy\/es\/index.php?rest_route=%2Fwp%2Fv2%2Fcategories&post=260966"},{"taxonomy":"post_tag","embeddable":true,"href":"https:\/\/archive.sana.sy\/es\/index.php?rest_route=%2Fwp%2Fv2%2Ftags&post=260966"}],"curies":[{"name":"wp","href":"https:\/\/api.w.org\/{rel}","templated":true}]}}