{"id":260970,"date":"2022-11-06T13:26:57","date_gmt":"2022-11-06T11:26:57","guid":{"rendered":"http:\/\/107.6.182.27\/es\/?p=260970"},"modified":"2022-11-06T13:26:57","modified_gmt":"2022-11-06T11:26:57","slug":"una-nina-resulta-herida-por-ataques-terroristas-con-cohetes-en-hama","status":"publish","type":"post","link":"https:\/\/archive.sana.sy\/es\/?p=260970","title":{"rendered":"Una ni\u00f1a resulta herida por ataques terroristas con cohetes en Hama"},"content":{"rendered":"<p style=\"text-align: justify;\"><span style=\"color: #800000;\"><strong>Hama, 06 nov (SANA)\u00a0 \u00a0<\/strong> <\/span>Una ni\u00f1a result\u00f3 herida este domingo por ataque terrorista con cohetes contra la aldea de Shatha en el noroeste de la provincia de Hama.<\/p>\n<p style=\"text-align: justify;\">El reportero de SANA inform\u00f3 que los grupos terroristas que operan bajo mando de la organizaci\u00f3n terrorista Frente Al-Nousra, lanzaron cohetes contra la referida localidad.<\/p>\n<p style=\"text-align: justify;\">El ataque, seg\u00fan detall\u00f3, hiri\u00f3 a una menor y ocasion\u00f3 da\u00f1os materiales en las viviendas y propiedades civiles.<\/p>\n<p style=\"text-align: justify;\">ed\/fm<\/p>\n","protected":false},"excerpt":{"rendered":"<p>Hama, 06 nov (SANA)\u00a0 \u00a0 Una ni\u00f1a result\u00f3 herida este domingo por ataque terrorista con cohetes contra la aldea de Shatha en el noroeste de la provincia de Hama. El reportero de SANA inform\u00f3 que los grupos terroristas que operan bajo mando de la organizaci\u00f3n terrorista Frente Al-Nousra, lanzaron cohetes contra la referida localidad. El &hellip;<\/p>\n","protected":false},"author":32,"featured_media":260971,"comment_status":"closed","ping_status":"closed","sticky":false,"template":"","format":"standard","meta":{"footnotes":""},"categories":[477,597,476,7541],"tags":[],"class_list":["post-260970","post","type-post","status-publish","format-standard","has-post-thumbnail","","category-noticias-edulcorantes","category-cinta-de-noticias","category-locales","category-ultimas-noticias"],"_links":{"self":[{"href":"https:\/\/archive.sana.sy\/es\/index.php?rest_route=\/wp\/v2\/posts\/260970"}],"collection":[{"href":"https:\/\/archive.sana.sy\/es\/index.php?rest_route=\/wp\/v2\/posts"}],"about":[{"href":"https:\/\/archive.sana.sy\/es\/index.php?rest_route=\/wp\/v2\/types\/post"}],"author":[{"embeddable":true,"href":"https:\/\/archive.sana.sy\/es\/index.php?rest_route=\/wp\/v2\/users\/32"}],"replies":[{"embeddable":true,"href":"https:\/\/archive.sana.sy\/es\/index.php?rest_route=%2Fwp%2Fv2%2Fcomments&post=260970"}],"version-history":[{"count":0,"href":"https:\/\/archive.sana.sy\/es\/index.php?rest_route=\/wp\/v2\/posts\/260970\/revisions"}],"wp:featuredmedia":[{"embeddable":true,"href":"https:\/\/archive.sana.sy\/es\/index.php?rest_route=\/wp\/v2\/media\/260971"}],"wp:attachment":[{"href":"https:\/\/archive.sana.sy\/es\/index.php?rest_route=%2Fwp%2Fv2%2Fmedia&parent=260970"}],"wp:term":[{"taxonomy":"category","embeddable":true,"href":"https:\/\/archive.sana.sy\/es\/index.php?rest_route=%2Fwp%2Fv2%2Fcategories&post=260970"},{"taxonomy":"post_tag","embeddable":true,"href":"https:\/\/archive.sana.sy\/es\/index.php?rest_route=%2Fwp%2Fv2%2Ftags&post=260970"}],"curies":[{"name":"wp","href":"https:\/\/api.w.org\/{rel}","templated":true}]}}