{"id":26110,"date":"2015-07-04T21:24:18","date_gmt":"2015-07-04T18:24:18","guid":{"rendered":"http:\/\/sana.sy\/es\/?p=26110"},"modified":"2015-07-04T21:24:18","modified_gmt":"2015-07-04T18:24:18","slug":"acto-publico-en-madrid-en-apoyo-del-pueblo-y-gobierno-sirios","status":"publish","type":"post","link":"https:\/\/archive.sana.sy\/es\/?p=26110","title":{"rendered":"Acto p\u00fablico en Madrid en apoyo del pueblo y gobierno sirios"},"content":{"rendered":"<p><span style=\"color: #800000\">Madrid-SANA<\/span><\/p>\n<p>El Frente de Solidaridad Europea con Siria, organiz\u00f3 una conferencia para arrojar un poco de luz sobre la situaci\u00f3n actual que vive Siria.<\/p>\n<p>Por su parte, el encargado de negocios de la embajada siria en Madrid, Milad Atieh, explic\u00f3 que la lucha en Siria es entre la civilizaci\u00f3n y la barbarie, como muestran las recientes destrucciones y saqueos de las joyas arqueol\u00f3gicas de la ciudad siria de Palmira a manos del grupo terrorista EI (Daesh).<\/p>\n<p>Los participantes en el evento han coincidido en la forma en el que la Uni\u00f3n Europea (UE) podr\u00eda ayudar a poner fin al conflicto en Siria. Por un lado deber\u00edan ayudar a expulsar a los terroristas de suelo sirio y, por el otro, deber\u00edan enviar, ayuda humanitaria.<\/p>\n<p>M.Miri<\/p>\n","protected":false},"excerpt":{"rendered":"<p>Madrid-SANA El Frente de Solidaridad Europea con Siria, organiz\u00f3 una conferencia para arrojar un poco de luz sobre la situaci\u00f3n actual que vive Siria. Por su parte, el encargado de negocios de la embajada siria en Madrid, Milad Atieh, explic\u00f3 que la lucha en Siria es entre la civilizaci\u00f3n y la barbarie, como muestran las &hellip;<\/p>\n","protected":false},"author":1,"featured_media":26111,"comment_status":"closed","ping_status":"closed","sticky":false,"template":"","format":"standard","meta":{"footnotes":""},"categories":[1],"tags":[5864],"class_list":["post-26110","post","type-post","status-publish","format-standard","has-post-thumbnail","","category-news-not-sorted","tag-acto-publico-en-madrid-en-apoyo-del-pueblo-y-gobierno-sirios"],"_links":{"self":[{"href":"https:\/\/archive.sana.sy\/es\/index.php?rest_route=\/wp\/v2\/posts\/26110"}],"collection":[{"href":"https:\/\/archive.sana.sy\/es\/index.php?rest_route=\/wp\/v2\/posts"}],"about":[{"href":"https:\/\/archive.sana.sy\/es\/index.php?rest_route=\/wp\/v2\/types\/post"}],"author":[{"embeddable":true,"href":"https:\/\/archive.sana.sy\/es\/index.php?rest_route=\/wp\/v2\/users\/1"}],"replies":[{"embeddable":true,"href":"https:\/\/archive.sana.sy\/es\/index.php?rest_route=%2Fwp%2Fv2%2Fcomments&post=26110"}],"version-history":[{"count":0,"href":"https:\/\/archive.sana.sy\/es\/index.php?rest_route=\/wp\/v2\/posts\/26110\/revisions"}],"wp:featuredmedia":[{"embeddable":true,"href":"https:\/\/archive.sana.sy\/es\/index.php?rest_route=\/wp\/v2\/media\/26111"}],"wp:attachment":[{"href":"https:\/\/archive.sana.sy\/es\/index.php?rest_route=%2Fwp%2Fv2%2Fmedia&parent=26110"}],"wp:term":[{"taxonomy":"category","embeddable":true,"href":"https:\/\/archive.sana.sy\/es\/index.php?rest_route=%2Fwp%2Fv2%2Fcategories&post=26110"},{"taxonomy":"post_tag","embeddable":true,"href":"https:\/\/archive.sana.sy\/es\/index.php?rest_route=%2Fwp%2Fv2%2Ftags&post=26110"}],"curies":[{"name":"wp","href":"https:\/\/api.w.org\/{rel}","templated":true}]}}