{"id":261144,"date":"2022-11-07T15:13:47","date_gmt":"2022-11-07T13:13:47","guid":{"rendered":"http:\/\/107.6.182.27\/es\/?p=261144"},"modified":"2023-01-10T15:50:40","modified_gmt":"2023-01-10T13:50:40","slug":"el-kremlin-las-acciones-de-ucrania-imposibilitan-el-dialogo-con-kiev","status":"publish","type":"post","link":"https:\/\/archive.sana.sy\/es\/?p=261144","title":{"rendered":"El Kremlin: las acciones de Ucrania imposibilitan el di\u00e1logo con Kiev"},"content":{"rendered":"<p style=\"text-align: justify;\"><span style=\"color: #800000;\"><strong>Mosc\u00fa, 7 nov (SANA)<\/strong><\/span> El portavoz del Kremlin, Dmitri Peskov, dijo hoy que Rusia sigue abierta a las conversaciones con Ucrania, pero por el momento no hay posibilidad de continuarlas.<\/p>\n<p style=\"text-align: justify;\">&#8220;Hemos llamado repetidamente la atenci\u00f3n de todo el mundo sobre el hecho de que en este momento no vemos posibilidad de di\u00e1logo porque Kiev ha convertido en ley el rechazo a continuar cualquier negociaci\u00f3n con Rusia&#8221;, record\u00f3 Peskov citado por Sputnik.<\/p>\n<p style=\"text-align: justify;\">Asimismo, Peskov al comentar un art\u00edculo sobre las conversaciones de EEUU con Kiev para inducir el di\u00e1logo con Rusia, dijo a los periodistas que no sab\u00eda si esto era cierto, que existen informes veraces, pero que sobre todo hay especulaciones.<\/p>\n<p>fm\/mm<\/p>\n","protected":false},"excerpt":{"rendered":"<p>Mosc\u00fa, 7 nov (SANA) El portavoz del Kremlin, Dmitri Peskov, dijo hoy que Rusia sigue abierta a las conversaciones con Ucrania, pero por el momento no hay posibilidad de continuarlas. &#8220;Hemos llamado repetidamente la atenci\u00f3n de todo el mundo sobre el hecho de que en este momento no vemos posibilidad de di\u00e1logo porque Kiev ha &hellip;<\/p>\n","protected":false},"author":36,"featured_media":261145,"comment_status":"closed","ping_status":"closed","sticky":false,"template":"","format":"standard","meta":{"footnotes":""},"categories":[597,456,20724,457],"tags":[],"class_list":["post-261144","post","type-post","status-publish","format-standard","has-post-thumbnail","","category-cinta-de-noticias","category-arabe-internacional-politica","category-minuto-a-minuto","category-noticias-arabe-internacional-politica"],"_links":{"self":[{"href":"https:\/\/archive.sana.sy\/es\/index.php?rest_route=\/wp\/v2\/posts\/261144"}],"collection":[{"href":"https:\/\/archive.sana.sy\/es\/index.php?rest_route=\/wp\/v2\/posts"}],"about":[{"href":"https:\/\/archive.sana.sy\/es\/index.php?rest_route=\/wp\/v2\/types\/post"}],"author":[{"embeddable":true,"href":"https:\/\/archive.sana.sy\/es\/index.php?rest_route=\/wp\/v2\/users\/36"}],"replies":[{"embeddable":true,"href":"https:\/\/archive.sana.sy\/es\/index.php?rest_route=%2Fwp%2Fv2%2Fcomments&post=261144"}],"version-history":[{"count":0,"href":"https:\/\/archive.sana.sy\/es\/index.php?rest_route=\/wp\/v2\/posts\/261144\/revisions"}],"wp:featuredmedia":[{"embeddable":true,"href":"https:\/\/archive.sana.sy\/es\/index.php?rest_route=\/wp\/v2\/media\/261145"}],"wp:attachment":[{"href":"https:\/\/archive.sana.sy\/es\/index.php?rest_route=%2Fwp%2Fv2%2Fmedia&parent=261144"}],"wp:term":[{"taxonomy":"category","embeddable":true,"href":"https:\/\/archive.sana.sy\/es\/index.php?rest_route=%2Fwp%2Fv2%2Fcategories&post=261144"},{"taxonomy":"post_tag","embeddable":true,"href":"https:\/\/archive.sana.sy\/es\/index.php?rest_route=%2Fwp%2Fv2%2Ftags&post=261144"}],"curies":[{"name":"wp","href":"https:\/\/api.w.org\/{rel}","templated":true}]}}