{"id":26116,"date":"2015-07-04T22:13:04","date_gmt":"2015-07-04T19:13:04","guid":{"rendered":"http:\/\/sana.sy\/es\/?p=26116"},"modified":"2015-07-04T22:13:04","modified_gmt":"2015-07-04T19:13:04","slug":"espana-detencion-de-un-marroqui-por-hacer-propaganda-sobre-el-estado-islamico","status":"publish","type":"post","link":"https:\/\/archive.sana.sy\/es\/?p=26116","title":{"rendered":"Espa\u00f1a: detenci\u00f3n de un marroqu\u00ed por hacer propaganda sobre el Estado isl\u00e1mico"},"content":{"rendered":"<p><span style=\"color: #800000\">Madrid-SANA<\/span><\/p>\n<p style=\"text-align: justify\">La Polic\u00eda espa\u00f1ola arresto hoy a un hombre de origen marroqu\u00ed por ejercer inmensas pr\u00e1cticas de propaganda y difusi\u00f3n de las actividades de la organizaci\u00f3n terrorista (EI).<\/p>\n<p style=\"text-align: justify\">De acuerdo con el Ministerio del Interior, el arresto tuvo lugar en la ciudad de Badalona, en la provincia de Barcelona.<\/p>\n<p style=\"text-align: justify\">La actividad del arrestado constaba de abrir cuentas y crear perfiles en las redes sociales con el fin de difundir las pr\u00e1cticas realizadas por el EI.<\/p>\n<p style=\"text-align: justify\">Seg\u00fan las autoridades, el hombre pretend\u00eda que las personas viajaran para unirse a las filas del grupo, y que los reclutados cometieran acciones terroristas en sus pa\u00edses.<\/p>\n<p style=\"text-align: justify\">Es de se\u00f1alar que, el n\u00famero de combatientes alistados en las filas del Estado Isl\u00e1mico (EI) es bastante m\u00e1s alto de lo que se peinas hasta ahora. Seg\u00fan las \u00faltimas estimaciones oficiales, el grupo extremista isl\u00e1mico cuenta con entre 20.000 y 31.500 combatientes.<\/p>\n<p>M.Miri<\/p>\n","protected":false},"excerpt":{"rendered":"<p>Madrid-SANA La Polic\u00eda espa\u00f1ola arresto hoy a un hombre de origen marroqu\u00ed por ejercer inmensas pr\u00e1cticas de propaganda y difusi\u00f3n de las actividades de la organizaci\u00f3n terrorista (EI). De acuerdo con el Ministerio del Interior, el arresto tuvo lugar en la ciudad de Badalona, en la provincia de Barcelona. La actividad del arrestado constaba de &hellip;<\/p>\n","protected":false},"author":1,"featured_media":26117,"comment_status":"closed","ping_status":"closed","sticky":false,"template":"","format":"standard","meta":{"footnotes":""},"categories":[456,457,576],"tags":[5866],"class_list":["post-26116","post","type-post","status-publish","format-standard","has-post-thumbnail","","category-arabe-internacional-politica","category-noticias-arabe-internacional-politica","category-noticias-politicas","tag-espana-detencion-de-un-marroqui-por-hacer-propaganda-sobre-el-estado-islamico"],"_links":{"self":[{"href":"https:\/\/archive.sana.sy\/es\/index.php?rest_route=\/wp\/v2\/posts\/26116"}],"collection":[{"href":"https:\/\/archive.sana.sy\/es\/index.php?rest_route=\/wp\/v2\/posts"}],"about":[{"href":"https:\/\/archive.sana.sy\/es\/index.php?rest_route=\/wp\/v2\/types\/post"}],"author":[{"embeddable":true,"href":"https:\/\/archive.sana.sy\/es\/index.php?rest_route=\/wp\/v2\/users\/1"}],"replies":[{"embeddable":true,"href":"https:\/\/archive.sana.sy\/es\/index.php?rest_route=%2Fwp%2Fv2%2Fcomments&post=26116"}],"version-history":[{"count":0,"href":"https:\/\/archive.sana.sy\/es\/index.php?rest_route=\/wp\/v2\/posts\/26116\/revisions"}],"wp:featuredmedia":[{"embeddable":true,"href":"https:\/\/archive.sana.sy\/es\/index.php?rest_route=\/wp\/v2\/media\/26117"}],"wp:attachment":[{"href":"https:\/\/archive.sana.sy\/es\/index.php?rest_route=%2Fwp%2Fv2%2Fmedia&parent=26116"}],"wp:term":[{"taxonomy":"category","embeddable":true,"href":"https:\/\/archive.sana.sy\/es\/index.php?rest_route=%2Fwp%2Fv2%2Fcategories&post=26116"},{"taxonomy":"post_tag","embeddable":true,"href":"https:\/\/archive.sana.sy\/es\/index.php?rest_route=%2Fwp%2Fv2%2Ftags&post=26116"}],"curies":[{"name":"wp","href":"https:\/\/api.w.org\/{rel}","templated":true}]}}