{"id":26119,"date":"2015-07-04T22:23:19","date_gmt":"2015-07-04T19:23:19","guid":{"rendered":"http:\/\/sana.sy\/es\/?p=26119"},"modified":"2015-07-04T22:23:19","modified_gmt":"2015-07-04T19:23:19","slug":"ataque-con-proyectil-deja-3-muertos-en-egipto","status":"publish","type":"post","link":"https:\/\/archive.sana.sy\/es\/?p=26119","title":{"rendered":"Ataque con proyectil deja 3 muertos en Egipto"},"content":{"rendered":"<p><span style=\"color: #800000\">El Cairo-SANA<\/span><\/p>\n<p>La explosi\u00f3n de un proyectil en una zona residencial de la pen\u00ednsula del Sina\u00ed (noreste de Egipto) se ha cobrado la vida de tres civiles este s\u00e1bado, seg\u00fan informaron fuentes locales.<\/p>\n<p>Una mujer y dos ni\u00f1os han perdido la vida por el impacto de un ob\u00fas en la localidad de Sheij Zuweid, en el norte del Sina\u00ed.<br \/>\nA\u00fan se desconoce a los responsables de este ataque que tambi\u00e9n ha dejado dos mujeres heridas de gravedad.<\/p>\n<p>Durante las \u00faltimas semanas, la zona del incidente ha sido escenario de mortales enfrentamientos entre el Ej\u00e9rcito y el grupo terrorista EI (Daesh).<br \/>\nM.Miri<\/p>\n","protected":false},"excerpt":{"rendered":"<p>El Cairo-SANA La explosi\u00f3n de un proyectil en una zona residencial de la pen\u00ednsula del Sina\u00ed (noreste de Egipto) se ha cobrado la vida de tres civiles este s\u00e1bado, seg\u00fan informaron fuentes locales. Una mujer y dos ni\u00f1os han perdido la vida por el impacto de un ob\u00fas en la localidad de Sheij Zuweid, en &hellip;<\/p>\n","protected":false},"author":1,"featured_media":19055,"comment_status":"closed","ping_status":"closed","sticky":false,"template":"","format":"standard","meta":{"footnotes":""},"categories":[456,457,576],"tags":[5867],"class_list":["post-26119","post","type-post","status-publish","format-standard","has-post-thumbnail","","category-arabe-internacional-politica","category-noticias-arabe-internacional-politica","category-noticias-politicas","tag-ataque-con-proyectil-deja-3-muertos-en-egipto"],"_links":{"self":[{"href":"https:\/\/archive.sana.sy\/es\/index.php?rest_route=\/wp\/v2\/posts\/26119"}],"collection":[{"href":"https:\/\/archive.sana.sy\/es\/index.php?rest_route=\/wp\/v2\/posts"}],"about":[{"href":"https:\/\/archive.sana.sy\/es\/index.php?rest_route=\/wp\/v2\/types\/post"}],"author":[{"embeddable":true,"href":"https:\/\/archive.sana.sy\/es\/index.php?rest_route=\/wp\/v2\/users\/1"}],"replies":[{"embeddable":true,"href":"https:\/\/archive.sana.sy\/es\/index.php?rest_route=%2Fwp%2Fv2%2Fcomments&post=26119"}],"version-history":[{"count":0,"href":"https:\/\/archive.sana.sy\/es\/index.php?rest_route=\/wp\/v2\/posts\/26119\/revisions"}],"wp:featuredmedia":[{"embeddable":true,"href":"https:\/\/archive.sana.sy\/es\/index.php?rest_route=\/wp\/v2\/media\/19055"}],"wp:attachment":[{"href":"https:\/\/archive.sana.sy\/es\/index.php?rest_route=%2Fwp%2Fv2%2Fmedia&parent=26119"}],"wp:term":[{"taxonomy":"category","embeddable":true,"href":"https:\/\/archive.sana.sy\/es\/index.php?rest_route=%2Fwp%2Fv2%2Fcategories&post=26119"},{"taxonomy":"post_tag","embeddable":true,"href":"https:\/\/archive.sana.sy\/es\/index.php?rest_route=%2Fwp%2Fv2%2Ftags&post=26119"}],"curies":[{"name":"wp","href":"https:\/\/api.w.org\/{rel}","templated":true}]}}