{"id":26121,"date":"2015-07-04T22:26:47","date_gmt":"2015-07-04T19:26:47","guid":{"rendered":"http:\/\/sana.sy\/es\/?p=26121"},"modified":"2015-07-04T22:26:47","modified_gmt":"2015-07-04T19:26:47","slug":"antiguedades-saqueadas-de-siria-e-irak-se-venden-en-los-mercados-europeos","status":"publish","type":"post","link":"https:\/\/archive.sana.sy\/es\/?p=26121","title":{"rendered":"Antig\u00fcedades saqueadas de Siria e Irak se venden en los mercados europeos"},"content":{"rendered":"<p><span style=\"color: #800000\">Londres-SANA<\/span><\/p>\n<p style=\"text-align: justify\">El arque\u00f3logo estadounidense del Instituto UCL de Arqueolog\u00eda, Mark al-Taweel, dijo que las antig\u00fcedades saqueadas por organizaciones terroristas, en particular, por el Estado Isl\u00e1mico (EI), se est\u00e1n vendiendo en los mercados de Gran Breta\u00f1a y otros pa\u00edses europeos.<\/p>\n<p style=\"text-align: justify\">En un informe publicado por el peri\u00f3dico brit\u00e1nico The Guardian, Al-Taweel agreg\u00f3 que los terroristas operan a trav\u00e9s de redes sistem\u00e1ticas y especializadas en el negocio de antig\u00fcedades saqueadas y se contrabandean en Europa sin ning\u00fan cuestionamiento o control.<\/p>\n<p style=\"text-align: justify\">El seguimiento del movimiento de las antig\u00fcedades saqueadas de Siria muestra que las piezas llegan a las tiendas y subastas de antig\u00fcedades en Londres y otras capitales, aclarando que las piezas provienen de ciertos sitios en Siria e Irak.<\/p>\n<p style=\"text-align: justify\">En el mismo contexto, Al-Taweel se\u00f1al\u00f3 que los comerciantes europeos evitan dar respuestas claras sobre el origen de las antig\u00fcedades que venden y que no disponen de los documentos legales sobre c\u00f3mo los han conseguido.<\/p>\n<p style=\"text-align: justify\">En marzo, los arque\u00f3logos brit\u00e1nicos descubrieron m\u00e1s de un centenar de antig\u00fcedades que fueron saqueadas por los terroristas del (EI) en Siria.<\/p>\n<p>M.Miri, Riad.Sh<\/p>\n","protected":false},"excerpt":{"rendered":"<p>Londres-SANA El arque\u00f3logo estadounidense del Instituto UCL de Arqueolog\u00eda, Mark al-Taweel, dijo que las antig\u00fcedades saqueadas por organizaciones terroristas, en particular, por el Estado Isl\u00e1mico (EI), se est\u00e1n vendiendo en los mercados de Gran Breta\u00f1a y otros pa\u00edses europeos. En un informe publicado por el peri\u00f3dico brit\u00e1nico The Guardian, Al-Taweel agreg\u00f3 que los terroristas operan &hellip;<\/p>\n","protected":false},"author":1,"featured_media":26122,"comment_status":"closed","ping_status":"closed","sticky":false,"template":"","format":"standard","meta":{"footnotes":""},"categories":[555],"tags":[5868],"class_list":["post-26121","post","type-post","status-publish","format-standard","has-post-thumbnail","","category-prensa","tag-antiguedades-saqueadas-de-siria-e-irak-se-venden-en-los-mercados-europeos"],"_links":{"self":[{"href":"https:\/\/archive.sana.sy\/es\/index.php?rest_route=\/wp\/v2\/posts\/26121"}],"collection":[{"href":"https:\/\/archive.sana.sy\/es\/index.php?rest_route=\/wp\/v2\/posts"}],"about":[{"href":"https:\/\/archive.sana.sy\/es\/index.php?rest_route=\/wp\/v2\/types\/post"}],"author":[{"embeddable":true,"href":"https:\/\/archive.sana.sy\/es\/index.php?rest_route=\/wp\/v2\/users\/1"}],"replies":[{"embeddable":true,"href":"https:\/\/archive.sana.sy\/es\/index.php?rest_route=%2Fwp%2Fv2%2Fcomments&post=26121"}],"version-history":[{"count":0,"href":"https:\/\/archive.sana.sy\/es\/index.php?rest_route=\/wp\/v2\/posts\/26121\/revisions"}],"wp:featuredmedia":[{"embeddable":true,"href":"https:\/\/archive.sana.sy\/es\/index.php?rest_route=\/wp\/v2\/media\/26122"}],"wp:attachment":[{"href":"https:\/\/archive.sana.sy\/es\/index.php?rest_route=%2Fwp%2Fv2%2Fmedia&parent=26121"}],"wp:term":[{"taxonomy":"category","embeddable":true,"href":"https:\/\/archive.sana.sy\/es\/index.php?rest_route=%2Fwp%2Fv2%2Fcategories&post=26121"},{"taxonomy":"post_tag","embeddable":true,"href":"https:\/\/archive.sana.sy\/es\/index.php?rest_route=%2Fwp%2Fv2%2Ftags&post=26121"}],"curies":[{"name":"wp","href":"https:\/\/api.w.org\/{rel}","templated":true}]}}