{"id":261276,"date":"2022-11-08T14:00:10","date_gmt":"2022-11-08T12:00:10","guid":{"rendered":"http:\/\/107.6.182.27\/es\/?p=261276"},"modified":"2023-01-10T15:50:36","modified_gmt":"2023-01-10T13:50:36","slug":"occidente-desestabiliza-el-orden-mundial-para-mantener-su-liderazgo-afirma-lavrov","status":"publish","type":"post","link":"https:\/\/archive.sana.sy\/es\/?p=261276","title":{"rendered":"Occidente desestabiliza el orden mundial para mantener su liderazgo, afirma Lavrov"},"content":{"rendered":"<blockquote>\n<p style=\"text-align: justify;\"><em><span style=\"color: #800000;\"><strong>&#8220;El concepto neocolonial del orden mundial&#8221;, que promueve Washington con sus aliados, contradice a la mayor\u00eda de &#8220;los pa\u00edses interesados en formar un orden mundial justo y relaciones aut\u00e9nticamente democr\u00e1ticas&#8221;<\/strong><\/span><\/em><\/p>\n<\/blockquote>\n<p style=\"text-align: justify;\"><strong><span style=\"color: #800000;\">Mosc\u00fa, 8 nov (SANA)\u00a0<\/span><\/strong> \u00a0El ministro de Asuntos Exteriores ruso, Sergu\u00e9i Lavrov, dijo hoy que la alianza de Occidente, liderada por Estados Unidos (EEUU), desestabiliza las relaciones internacionales intentando mantener su liderazgo, mientras Rusia tiene inter\u00e9s en un orden mundial justo.<\/p>\n<p style=\"text-align: justify;\">&#8220;La situaci\u00f3n en el mundo permanece tensa. La causa principal son los intentos de la alianza occidental de EEUU de evitar perder totalmente su liderazgo global, con la esperanza de seguir resolviendo las tareas de su propio desarrollo a expensas de otros miembros de la comunidad internacional&#8221;, dijo Lavrov citado por Sputnik, en su mensaje dirigido a los participantes de la conferencia internacional del partido Rusia Unida.<\/p>\n<p style=\"text-align: justify;\">Seg\u00fan Lavrov, &#8220;el concepto neocolonial del orden mundial&#8221;, que promueve Washington con sus aliados, contradice a la mayor\u00eda de &#8220;los pa\u00edses interesados en formar un orden mundial justo y relaciones aut\u00e9nticamente democr\u00e1ticas&#8221;.<\/p>\n<p style=\"text-align: justify;\">fm\/ed<\/p>\n","protected":false},"excerpt":{"rendered":"<p>&#8220;El concepto neocolonial del orden mundial&#8221;, que promueve Washington con sus aliados, contradice a la mayor\u00eda de &#8220;los pa\u00edses interesados en formar un orden mundial justo y relaciones aut\u00e9nticamente democr\u00e1ticas&#8221; Mosc\u00fa, 8 nov (SANA)\u00a0 \u00a0El ministro de Asuntos Exteriores ruso, Sergu\u00e9i Lavrov, dijo hoy que la alianza de Occidente, liderada por Estados Unidos (EEUU), desestabiliza &hellip;<\/p>\n","protected":false},"author":32,"featured_media":261277,"comment_status":"closed","ping_status":"closed","sticky":false,"template":"","format":"standard","meta":{"footnotes":""},"categories":[597,456],"tags":[],"class_list":["post-261276","post","type-post","status-publish","format-standard","has-post-thumbnail","","category-cinta-de-noticias","category-arabe-internacional-politica"],"_links":{"self":[{"href":"https:\/\/archive.sana.sy\/es\/index.php?rest_route=\/wp\/v2\/posts\/261276"}],"collection":[{"href":"https:\/\/archive.sana.sy\/es\/index.php?rest_route=\/wp\/v2\/posts"}],"about":[{"href":"https:\/\/archive.sana.sy\/es\/index.php?rest_route=\/wp\/v2\/types\/post"}],"author":[{"embeddable":true,"href":"https:\/\/archive.sana.sy\/es\/index.php?rest_route=\/wp\/v2\/users\/32"}],"replies":[{"embeddable":true,"href":"https:\/\/archive.sana.sy\/es\/index.php?rest_route=%2Fwp%2Fv2%2Fcomments&post=261276"}],"version-history":[{"count":0,"href":"https:\/\/archive.sana.sy\/es\/index.php?rest_route=\/wp\/v2\/posts\/261276\/revisions"}],"wp:featuredmedia":[{"embeddable":true,"href":"https:\/\/archive.sana.sy\/es\/index.php?rest_route=\/wp\/v2\/media\/261277"}],"wp:attachment":[{"href":"https:\/\/archive.sana.sy\/es\/index.php?rest_route=%2Fwp%2Fv2%2Fmedia&parent=261276"}],"wp:term":[{"taxonomy":"category","embeddable":true,"href":"https:\/\/archive.sana.sy\/es\/index.php?rest_route=%2Fwp%2Fv2%2Fcategories&post=261276"},{"taxonomy":"post_tag","embeddable":true,"href":"https:\/\/archive.sana.sy\/es\/index.php?rest_route=%2Fwp%2Fv2%2Ftags&post=261276"}],"curies":[{"name":"wp","href":"https:\/\/api.w.org\/{rel}","templated":true}]}}