{"id":261281,"date":"2022-11-08T15:15:56","date_gmt":"2022-11-08T13:15:56","guid":{"rendered":"http:\/\/107.6.182.27\/es\/?p=261281"},"modified":"2022-11-08T17:38:23","modified_gmt":"2022-11-08T15:38:23","slug":"damasco-promete-continuar-la-lucha-hasta-erradicar-el-ultimo-terrorista-de-siria","status":"publish","type":"post","link":"https:\/\/archive.sana.sy\/es\/?p=261281","title":{"rendered":"Damasco promete continuar la lucha hasta erradicar el \u00faltimo terrorista de Siria"},"content":{"rendered":"<blockquote>\n<p style=\"text-align: justify\"><span style=\"color: #800000\"><em><strong>\u201cEsta lucha no ser\u00e1 disuadida por las mentiras o acusaciones promovidas por los patrocinadores y defensores del terrorismo, en particular Estados Unidos y sus aliados occidentales, o por sus lacayos quienes operan bajo el amparo de algunas organizaciones internacionales\u201d<\/strong><\/em><\/span><\/p>\n<\/blockquote>\n<p style=\"text-align: justify\"><span style=\"color: #800000\"><strong>Damasco, 8 nov (SANA)\u00a0<\/strong> <\/span>\u00a0El Ministerio de Asuntos Exteriores de Siria manifest\u00f3 la determinaci\u00f3n de continuar la lucha contra el terrorismo hasta liberar todo el territorio nacional de este flagelo.<\/p>\n<p style=\"text-align: justify\">Golpear a los terroristas afiliados a al-Qaeda, el Daesh y otras organizaciones terroristas en el noroeste y sur de Siria es un derecho y un deber del Estado sirio con el fin de proteger la vida de sus ciudadanos y garantizar su seguridad e integridad territorial, afirm\u00f3 Canciller\u00eda por medio de una declaraci\u00f3n emitida hoy.<\/p>\n<p style=\"text-align: justify\">Agreg\u00f3 que la lucha contra el terrorismo continuar\u00e1 hasta liberar todo el territorio sirio y consolidar la seguridad en todo el pa\u00eds.<\/p>\n<p style=\"text-align: justify\">Esta lucha no ser\u00e1 disuadida por las mentiras o acusaciones promovidas por los patrocinadores y defensores del terrorismo, en particular Estados Unidos y sus aliados occidentales, o por sus lacayos quienes operan bajo el amparo de algunas organizaciones internacionales, asever\u00f3 la declaraci\u00f3n.<\/p>\n<p style=\"text-align: justify\">\n<p style=\"text-align: justify\">fm\/ed<\/p>\n","protected":false},"excerpt":{"rendered":"<p>\u201cEsta lucha no ser\u00e1 disuadida por las mentiras o acusaciones promovidas por los patrocinadores y defensores del terrorismo, en particular Estados Unidos y sus aliados occidentales, o por sus lacayos quienes operan bajo el amparo de algunas organizaciones internacionales\u201d Damasco, 8 nov (SANA)\u00a0 \u00a0El Ministerio de Asuntos Exteriores de Siria manifest\u00f3 la determinaci\u00f3n de continuar &hellip;<\/p>\n","protected":false},"author":32,"featured_media":258889,"comment_status":"closed","ping_status":"closed","sticky":false,"template":"","format":"standard","meta":{"footnotes":""},"categories":[477,597,476,583],"tags":[],"class_list":["post-261281","post","type-post","status-publish","format-standard","has-post-thumbnail","","category-noticias-edulcorantes","category-cinta-de-noticias","category-locales","category-slide"],"_links":{"self":[{"href":"https:\/\/archive.sana.sy\/es\/index.php?rest_route=\/wp\/v2\/posts\/261281"}],"collection":[{"href":"https:\/\/archive.sana.sy\/es\/index.php?rest_route=\/wp\/v2\/posts"}],"about":[{"href":"https:\/\/archive.sana.sy\/es\/index.php?rest_route=\/wp\/v2\/types\/post"}],"author":[{"embeddable":true,"href":"https:\/\/archive.sana.sy\/es\/index.php?rest_route=\/wp\/v2\/users\/32"}],"replies":[{"embeddable":true,"href":"https:\/\/archive.sana.sy\/es\/index.php?rest_route=%2Fwp%2Fv2%2Fcomments&post=261281"}],"version-history":[{"count":0,"href":"https:\/\/archive.sana.sy\/es\/index.php?rest_route=\/wp\/v2\/posts\/261281\/revisions"}],"wp:featuredmedia":[{"embeddable":true,"href":"https:\/\/archive.sana.sy\/es\/index.php?rest_route=\/wp\/v2\/media\/258889"}],"wp:attachment":[{"href":"https:\/\/archive.sana.sy\/es\/index.php?rest_route=%2Fwp%2Fv2%2Fmedia&parent=261281"}],"wp:term":[{"taxonomy":"category","embeddable":true,"href":"https:\/\/archive.sana.sy\/es\/index.php?rest_route=%2Fwp%2Fv2%2Fcategories&post=261281"},{"taxonomy":"post_tag","embeddable":true,"href":"https:\/\/archive.sana.sy\/es\/index.php?rest_route=%2Fwp%2Fv2%2Ftags&post=261281"}],"curies":[{"name":"wp","href":"https:\/\/api.w.org\/{rel}","templated":true}]}}