{"id":261286,"date":"2022-11-08T15:55:19","date_gmt":"2022-11-08T13:55:19","guid":{"rendered":"http:\/\/107.6.182.27\/es\/?p=261286"},"modified":"2023-01-10T14:02:30","modified_gmt":"2023-01-10T12:02:30","slug":"el-consejo-de-ministros-aprueba-el-proyecto-de-la-nueva-ley-de-medios","status":"publish","type":"post","link":"https:\/\/archive.sana.sy\/es\/?p=261286","title":{"rendered":"El Consejo de Ministros aprueba el proyecto de la nueva ley de medios"},"content":{"rendered":"<p style=\"text-align: justify\"><span style=\"color: #800000\"><strong>Damasco, 08 nov (SANA)<\/strong><\/span> El Consejo de Ministros aprob\u00f3 durante su sesi\u00f3n semanal de este martes el proyecto de la nueva ley de medios.<\/p>\n<p style=\"text-align: justify\">Esta resoluci\u00f3n tiene por objetivo presentar una ley moderna que armoniza con las novedades en materia de informaci\u00f3n y comunicaci\u00f3n, especialmente en algunos asuntos que no estaban cubiertos por la ley vigente y relacionados con las redes sociales, y la autorizaci\u00f3n de oficinas para los medios no sirios , los centros de investigaci\u00f3n, de encuestas de opini\u00f3n y centros de formaci\u00f3n.<\/p>\n<p style=\"text-align: justify\">En otro contexto, el primer ministro, Hossain Arnous destac\u00f3 la necesidad de agilizar la construcci\u00f3n de m\u00e1s presas de agua y tanques de recolecci\u00f3n en \u00e1reas de fuertes lluvias con el fin de beneficiarse de las reservas h\u00eddricas en el riego de tierras agr\u00edcolas.<\/p>\n<p style=\"text-align: justify\">la<\/p>\n","protected":false},"excerpt":{"rendered":"<p>Damasco, 08 nov (SANA) El Consejo de Ministros aprob\u00f3 durante su sesi\u00f3n semanal de este martes el proyecto de la nueva ley de medios. Esta resoluci\u00f3n tiene por objetivo presentar una ley moderna que armoniza con las novedades en materia de informaci\u00f3n y comunicaci\u00f3n, especialmente en algunos asuntos que no estaban cubiertos por la ley &hellip;<\/p>\n","protected":false},"author":24,"featured_media":261287,"comment_status":"closed","ping_status":"closed","sticky":false,"template":"","format":"standard","meta":{"footnotes":""},"categories":[447,597,20724,476,7541],"tags":[],"class_list":["post-261286","post","type-post","status-publish","format-standard","has-post-thumbnail","","category-local-politica","category-cinta-de-noticias","category-minuto-a-minuto","category-locales","category-ultimas-noticias"],"_links":{"self":[{"href":"https:\/\/archive.sana.sy\/es\/index.php?rest_route=\/wp\/v2\/posts\/261286"}],"collection":[{"href":"https:\/\/archive.sana.sy\/es\/index.php?rest_route=\/wp\/v2\/posts"}],"about":[{"href":"https:\/\/archive.sana.sy\/es\/index.php?rest_route=\/wp\/v2\/types\/post"}],"author":[{"embeddable":true,"href":"https:\/\/archive.sana.sy\/es\/index.php?rest_route=\/wp\/v2\/users\/24"}],"replies":[{"embeddable":true,"href":"https:\/\/archive.sana.sy\/es\/index.php?rest_route=%2Fwp%2Fv2%2Fcomments&post=261286"}],"version-history":[{"count":0,"href":"https:\/\/archive.sana.sy\/es\/index.php?rest_route=\/wp\/v2\/posts\/261286\/revisions"}],"wp:featuredmedia":[{"embeddable":true,"href":"https:\/\/archive.sana.sy\/es\/index.php?rest_route=\/wp\/v2\/media\/261287"}],"wp:attachment":[{"href":"https:\/\/archive.sana.sy\/es\/index.php?rest_route=%2Fwp%2Fv2%2Fmedia&parent=261286"}],"wp:term":[{"taxonomy":"category","embeddable":true,"href":"https:\/\/archive.sana.sy\/es\/index.php?rest_route=%2Fwp%2Fv2%2Fcategories&post=261286"},{"taxonomy":"post_tag","embeddable":true,"href":"https:\/\/archive.sana.sy\/es\/index.php?rest_route=%2Fwp%2Fv2%2Ftags&post=261286"}],"curies":[{"name":"wp","href":"https:\/\/api.w.org\/{rel}","templated":true}]}}