{"id":261291,"date":"2022-11-08T15:35:03","date_gmt":"2022-11-08T13:35:03","guid":{"rendered":"http:\/\/107.6.182.27\/es\/?p=261291"},"modified":"2023-01-10T14:02:30","modified_gmt":"2023-01-10T12:02:30","slug":"sociedad-astronomica-siria-la-luna-llena-del-castor-aparece-hoy-con-un-eclipse-total","status":"publish","type":"post","link":"https:\/\/archive.sana.sy\/es\/?p=261291","title":{"rendered":"Sociedad Astron\u00f3mica Siria: La luna llena del castor aparece hoy con un eclipse total"},"content":{"rendered":"<p style=\"text-align: justify\"><span style=\"color: #800000\"><strong>Damasco, 08 nov (SANA)<\/strong> <\/span>La luna llena del castor aparece este martes en el cielo de muchos pa\u00edses del mundo, ya que est\u00e1 asociada a un eclipse total denominado \u201ceclipse de luna de sangre\u201d, pero no es visible en los pa\u00edses de la regi\u00f3n.<\/p>\n<p style=\"text-align: justify\">El miembro de la junta directiva de la Sociedad Astron\u00f3mica Siria, Nabil al-Bish, dijo que la luna ser\u00e1 visible en la mayor parte de Am\u00e9rica del Norte y del Sur, sobre el Oc\u00e9ano Pac\u00edfico, Australia, Asia y el extremo noreste de Europa, lo que indica que el eclipse ocurre cuando la tierra se encuentra entre el sol y la luna.<\/p>\n<p style=\"text-align: justify\">Se\u00f1al\u00f3 que la luna del castor recibi\u00f3 su nombre de los castores que comienzan su preparaci\u00f3n para el invierno durante este per\u00edodo.<\/p>\n<p style=\"text-align: justify\">fm\/la<\/p>\n","protected":false},"excerpt":{"rendered":"<p>Damasco, 08 nov (SANA) La luna llena del castor aparece este martes en el cielo de muchos pa\u00edses del mundo, ya que est\u00e1 asociada a un eclipse total denominado \u201ceclipse de luna de sangre\u201d, pero no es visible en los pa\u00edses de la regi\u00f3n. El miembro de la junta directiva de la Sociedad Astron\u00f3mica Siria, &hellip;<\/p>\n","protected":false},"author":24,"featured_media":261292,"comment_status":"closed","ping_status":"closed","sticky":false,"template":"","format":"standard","meta":{"footnotes":""},"categories":[447,597,476,7541],"tags":[],"class_list":["post-261291","post","type-post","status-publish","format-standard","has-post-thumbnail","","category-local-politica","category-cinta-de-noticias","category-locales","category-ultimas-noticias"],"_links":{"self":[{"href":"https:\/\/archive.sana.sy\/es\/index.php?rest_route=\/wp\/v2\/posts\/261291"}],"collection":[{"href":"https:\/\/archive.sana.sy\/es\/index.php?rest_route=\/wp\/v2\/posts"}],"about":[{"href":"https:\/\/archive.sana.sy\/es\/index.php?rest_route=\/wp\/v2\/types\/post"}],"author":[{"embeddable":true,"href":"https:\/\/archive.sana.sy\/es\/index.php?rest_route=\/wp\/v2\/users\/24"}],"replies":[{"embeddable":true,"href":"https:\/\/archive.sana.sy\/es\/index.php?rest_route=%2Fwp%2Fv2%2Fcomments&post=261291"}],"version-history":[{"count":0,"href":"https:\/\/archive.sana.sy\/es\/index.php?rest_route=\/wp\/v2\/posts\/261291\/revisions"}],"wp:featuredmedia":[{"embeddable":true,"href":"https:\/\/archive.sana.sy\/es\/index.php?rest_route=\/wp\/v2\/media\/261292"}],"wp:attachment":[{"href":"https:\/\/archive.sana.sy\/es\/index.php?rest_route=%2Fwp%2Fv2%2Fmedia&parent=261291"}],"wp:term":[{"taxonomy":"category","embeddable":true,"href":"https:\/\/archive.sana.sy\/es\/index.php?rest_route=%2Fwp%2Fv2%2Fcategories&post=261291"},{"taxonomy":"post_tag","embeddable":true,"href":"https:\/\/archive.sana.sy\/es\/index.php?rest_route=%2Fwp%2Fv2%2Ftags&post=261291"}],"curies":[{"name":"wp","href":"https:\/\/api.w.org\/{rel}","templated":true}]}}