{"id":26135,"date":"2015-07-05T12:48:40","date_gmt":"2015-07-05T09:48:40","guid":{"rendered":"http:\/\/sana.sy\/es\/?p=26135"},"modified":"2015-07-05T12:48:40","modified_gmt":"2015-07-05T09:48:40","slug":"la-distribucion-de-200-canastas-alimentarias-a-los-refugiados-de-idleb-en-hama","status":"publish","type":"post","link":"https:\/\/archive.sana.sy\/es\/?p=26135","title":{"rendered":"La distribuci\u00f3n de 200 canastas alimentarias a los refugiados de Idleb en Hama"},"content":{"rendered":"<p><span style=\"color: #ff0000\"><strong>Hama, SANA<\/strong><\/span><\/p>\n<p><strong>La rama del Partido \u00c1rabe Socialista Baaz en Hama, en cooperaci\u00f3n con la rama de la Media Luna Roja distribuy\u00f3\u00a0 200 canastas alimentarias a las familias desplazadas de la provincia de Idleb en Hama residentes en las escuelas de Jourin y Al Tayeb en la region del Gab<\/strong><strong>.<\/strong><\/p>\n<p><strong>El secretario de la rama del partido Abdulsalam Al Ahmad declar\u00f3 la disposici\u00f3n del liderazgo del partido de mantenerse en contacto con las familias refugiadas y seguir resolviendo sus problemas dentro de las posibilidades disponibles.<\/strong><\/p>\n<p><span style=\"color: #00ccff\"><strong>\u00a0Hala B., Ryad Sh.<\/strong><\/span><\/p>\n","protected":false},"excerpt":{"rendered":"<p>Hama, SANA La rama del Partido \u00c1rabe Socialista Baaz en Hama, en cooperaci\u00f3n con la rama de la Media Luna Roja distribuy\u00f3\u00a0 200 canastas alimentarias a las familias desplazadas de la provincia de Idleb en Hama residentes en las escuelas de Jourin y Al Tayeb en la region del Gab. El secretario de la rama &hellip;<\/p>\n","protected":false},"author":1,"featured_media":0,"comment_status":"closed","ping_status":"closed","sticky":false,"template":"","format":"standard","meta":{"footnotes":""},"categories":[597,476],"tags":[5872],"class_list":["post-26135","post","type-post","status-publish","format-standard","","category-cinta-de-noticias","category-locales","tag-la-distribucion-de-200-canastas-alimentarias-a-los-refugiados-de-idleb-en-hama"],"_links":{"self":[{"href":"https:\/\/archive.sana.sy\/es\/index.php?rest_route=\/wp\/v2\/posts\/26135"}],"collection":[{"href":"https:\/\/archive.sana.sy\/es\/index.php?rest_route=\/wp\/v2\/posts"}],"about":[{"href":"https:\/\/archive.sana.sy\/es\/index.php?rest_route=\/wp\/v2\/types\/post"}],"author":[{"embeddable":true,"href":"https:\/\/archive.sana.sy\/es\/index.php?rest_route=\/wp\/v2\/users\/1"}],"replies":[{"embeddable":true,"href":"https:\/\/archive.sana.sy\/es\/index.php?rest_route=%2Fwp%2Fv2%2Fcomments&post=26135"}],"version-history":[{"count":0,"href":"https:\/\/archive.sana.sy\/es\/index.php?rest_route=\/wp\/v2\/posts\/26135\/revisions"}],"wp:attachment":[{"href":"https:\/\/archive.sana.sy\/es\/index.php?rest_route=%2Fwp%2Fv2%2Fmedia&parent=26135"}],"wp:term":[{"taxonomy":"category","embeddable":true,"href":"https:\/\/archive.sana.sy\/es\/index.php?rest_route=%2Fwp%2Fv2%2Fcategories&post=26135"},{"taxonomy":"post_tag","embeddable":true,"href":"https:\/\/archive.sana.sy\/es\/index.php?rest_route=%2Fwp%2Fv2%2Ftags&post=26135"}],"curies":[{"name":"wp","href":"https:\/\/api.w.org\/{rel}","templated":true}]}}