{"id":261534,"date":"2022-11-10T05:35:07","date_gmt":"2022-11-10T03:35:07","guid":{"rendered":"http:\/\/107.6.182.27\/es\/?p=261534"},"modified":"2023-01-10T15:50:31","modified_gmt":"2023-01-10T13:50:31","slug":"por-cierto-no-hemos-dado-a-ucrania-un-cheque-en-blanco-afirma-biden","status":"publish","type":"post","link":"https:\/\/archive.sana.sy\/es\/?p=261534","title":{"rendered":"&#8220;Por cierto, no hemos dado a Ucrania un cheque en blanco&#8221;, afirma Biden"},"content":{"rendered":"<p style=\"text-align: justify;\"><span style=\"color: #800000;\"><strong>Washington, 10 nov (SANA)<\/strong><\/span> El presidente de EE.UU., Joe Biden, coment\u00f3 sobre el futuro de la ayuda a Ucrania y esper\u00f3 que los republicanos y los dem\u00f3cratas, independientemente de los resultados finales de las elecciones, se atengan al enfoque bipartidista que han seguido hasta ahora.<\/p>\n<p style=\"text-align: justify;\">Paralelamente, el inquilino de la Casa Blanca destac\u00f3 que Washington no satisface todas las solicitudes armament\u00edsticas de Kiev, como la creaci\u00f3n de una zona de exclusi\u00f3n a\u00e9rea o el suministro de lanzamisiles HIMARS con proyectiles de largo alcance.<\/p>\n<p style=\"text-align: justify;\">&#8220;Por cierto, no hemos dado a Ucrania un cheque en blanco&#8221;, coment\u00f3 el mandatario en referencia a las declaraciones del l\u00edder republicano en la C\u00e1mara de Representantes, Kevin McCarthy, quien dijo que su partido no escribir\u00eda &#8220;un cheque en blanco&#8221; a Kiev de hacerse con la mayor\u00eda en la C\u00e1mara Alta.<\/p>\n<p style=\"text-align: justify;\">Citado por RT, el mandatario agreg\u00f3 que &#8220;hay muchas cosas que Ucrania quiere, pero no las hicimos. Por ejemplo, me preguntaron mucho si proporcionar\u00edamos aviones estadounidenses para garantizar los cielos de Ucrania. Dije &#8216;no&#8217;, no vamos a hacer eso, no nos vamos a meter en una tercera guerra mundial, enfrent\u00e1ndonos a los aviones rusos y participando directamente&#8221;.<\/p>\n<p style=\"text-align: justify;\">fm<\/p>\n","protected":false},"excerpt":{"rendered":"<p>Washington, 10 nov (SANA) El presidente de EE.UU., Joe Biden, coment\u00f3 sobre el futuro de la ayuda a Ucrania y esper\u00f3 que los republicanos y los dem\u00f3cratas, independientemente de los resultados finales de las elecciones, se atengan al enfoque bipartidista que han seguido hasta ahora. Paralelamente, el inquilino de la Casa Blanca destac\u00f3 que Washington &hellip;<\/p>\n","protected":false},"author":34,"featured_media":261535,"comment_status":"closed","ping_status":"closed","sticky":false,"template":"","format":"standard","meta":{"footnotes":""},"categories":[597,456,20724,7541],"tags":[],"class_list":["post-261534","post","type-post","status-publish","format-standard","has-post-thumbnail","","category-cinta-de-noticias","category-arabe-internacional-politica","category-minuto-a-minuto","category-ultimas-noticias"],"_links":{"self":[{"href":"https:\/\/archive.sana.sy\/es\/index.php?rest_route=\/wp\/v2\/posts\/261534"}],"collection":[{"href":"https:\/\/archive.sana.sy\/es\/index.php?rest_route=\/wp\/v2\/posts"}],"about":[{"href":"https:\/\/archive.sana.sy\/es\/index.php?rest_route=\/wp\/v2\/types\/post"}],"author":[{"embeddable":true,"href":"https:\/\/archive.sana.sy\/es\/index.php?rest_route=\/wp\/v2\/users\/34"}],"replies":[{"embeddable":true,"href":"https:\/\/archive.sana.sy\/es\/index.php?rest_route=%2Fwp%2Fv2%2Fcomments&post=261534"}],"version-history":[{"count":0,"href":"https:\/\/archive.sana.sy\/es\/index.php?rest_route=\/wp\/v2\/posts\/261534\/revisions"}],"wp:featuredmedia":[{"embeddable":true,"href":"https:\/\/archive.sana.sy\/es\/index.php?rest_route=\/wp\/v2\/media\/261535"}],"wp:attachment":[{"href":"https:\/\/archive.sana.sy\/es\/index.php?rest_route=%2Fwp%2Fv2%2Fmedia&parent=261534"}],"wp:term":[{"taxonomy":"category","embeddable":true,"href":"https:\/\/archive.sana.sy\/es\/index.php?rest_route=%2Fwp%2Fv2%2Fcategories&post=261534"},{"taxonomy":"post_tag","embeddable":true,"href":"https:\/\/archive.sana.sy\/es\/index.php?rest_route=%2Fwp%2Fv2%2Ftags&post=261534"}],"curies":[{"name":"wp","href":"https:\/\/api.w.org\/{rel}","templated":true}]}}