{"id":26154,"date":"2015-07-06T14:39:35","date_gmt":"2015-07-06T11:39:35","guid":{"rendered":"http:\/\/sana.sy\/es\/?p=26154"},"modified":"2015-07-06T14:39:35","modified_gmt":"2015-07-06T11:39:35","slug":"al-mekdad-siria-seguira-con-su-guerra-contra-el-terrorismo-y-esta-lista-para-una-coalicion-honesta-en-su-lucha-antiterrorista","status":"publish","type":"post","link":"https:\/\/archive.sana.sy\/es\/?p=26154","title":{"rendered":"Al-Mekdad: Siria seguir\u00e1 con su guerra contra el terrorismo y esta lista para una coalici\u00f3n honesta en su lucha antiterrorista"},"content":{"rendered":"<p><span style=\"color: #ff0000\"><strong>Beirut, SANA<\/strong><\/span><\/p>\n<p><strong>El viceministro de Exteriores y Expatriados, Faisal al-Mekdad\u00a0 afirm\u00f3 que Siria seguir\u00e1 con su guerra abierta contra el terrorismo junto a sus aliados que son Ir\u00e1n, Rusia y Hozbalah, el mismo dijo que Siria continuar\u00e1 luchando contra este fen\u00f3meno hasta que se termine del pa\u00eds.<\/strong><\/p>\n<p><strong>Al-Mekdad se\u00f1al\u00f3 en su art\u00edculo semanal en el peri\u00f3dico liban\u00e9s Al Binaa que desde los principios de la guerra contra Siria el liderazgo sirio encabezado por el presidente Bashar Al-Assad afirm\u00f3 que Siria enfrentaba una guerra mundial y regional.<\/strong><\/p>\n<p><strong>Siria contin\u00faa buscando una soluci\u00f3n pol\u00edtica que abre la puerta a la reconciliaci\u00f3n nacional y ampl\u00eda la plataforma popular en la lucha contra el terrorismo para incluir la oposici\u00f3n interna,\u00a0 dijo al-Mekdad.<\/strong><\/p>\n<p><strong>Al-Mekdad afirm\u00f3 que da alegr\u00eda que la soluci\u00f3n en Siria empieza con una iniciativa rusa encabezada por el presidente Vladimir Putin.<\/strong><\/p>\n<p><strong>El mismo concluy\u00f3 diciendo que Siria conquistar\u00e1 la victoria que ser\u00e1 una victoria de sus aliados tambi\u00e9n.<\/strong><\/p>\n<p><span style=\"color: #00ccff\">Hala B., Ryad Sh.<\/span><\/p>\n","protected":false},"excerpt":{"rendered":"<p>Beirut, SANA El viceministro de Exteriores y Expatriados, Faisal al-Mekdad\u00a0 afirm\u00f3 que Siria seguir\u00e1 con su guerra abierta contra el terrorismo junto a sus aliados que son Ir\u00e1n, Rusia y Hozbalah, el mismo dijo que Siria continuar\u00e1 luchando contra este fen\u00f3meno hasta que se termine del pa\u00eds. Al-Mekdad se\u00f1al\u00f3 en su art\u00edculo semanal en el &hellip;<\/p>\n","protected":false},"author":1,"featured_media":26155,"comment_status":"closed","ping_status":"closed","sticky":false,"template":"","format":"standard","meta":{"footnotes":""},"categories":[597,456],"tags":[5875],"class_list":["post-26154","post","type-post","status-publish","format-standard","has-post-thumbnail","","category-cinta-de-noticias","category-arabe-internacional-politica","tag-al-mekdad-siria-seguira-con-su-guerra-contra-el-terrorismo-y-esta-lista-para-una-coalicion-honesta-en-su-lucha-antiterrorista"],"_links":{"self":[{"href":"https:\/\/archive.sana.sy\/es\/index.php?rest_route=\/wp\/v2\/posts\/26154"}],"collection":[{"href":"https:\/\/archive.sana.sy\/es\/index.php?rest_route=\/wp\/v2\/posts"}],"about":[{"href":"https:\/\/archive.sana.sy\/es\/index.php?rest_route=\/wp\/v2\/types\/post"}],"author":[{"embeddable":true,"href":"https:\/\/archive.sana.sy\/es\/index.php?rest_route=\/wp\/v2\/users\/1"}],"replies":[{"embeddable":true,"href":"https:\/\/archive.sana.sy\/es\/index.php?rest_route=%2Fwp%2Fv2%2Fcomments&post=26154"}],"version-history":[{"count":0,"href":"https:\/\/archive.sana.sy\/es\/index.php?rest_route=\/wp\/v2\/posts\/26154\/revisions"}],"wp:featuredmedia":[{"embeddable":true,"href":"https:\/\/archive.sana.sy\/es\/index.php?rest_route=\/wp\/v2\/media\/26155"}],"wp:attachment":[{"href":"https:\/\/archive.sana.sy\/es\/index.php?rest_route=%2Fwp%2Fv2%2Fmedia&parent=26154"}],"wp:term":[{"taxonomy":"category","embeddable":true,"href":"https:\/\/archive.sana.sy\/es\/index.php?rest_route=%2Fwp%2Fv2%2Fcategories&post=26154"},{"taxonomy":"post_tag","embeddable":true,"href":"https:\/\/archive.sana.sy\/es\/index.php?rest_route=%2Fwp%2Fv2%2Ftags&post=26154"}],"curies":[{"name":"wp","href":"https:\/\/api.w.org\/{rel}","templated":true}]}}