{"id":26160,"date":"2015-07-06T15:42:07","date_gmt":"2015-07-06T12:42:07","guid":{"rendered":"http:\/\/sana.sy\/es\/?p=26160"},"modified":"2015-07-06T15:42:07","modified_gmt":"2015-07-06T12:42:07","slug":"zaspikin-cualquier-coalicion-antiterrorista-sera-ineficaz-sin-una-coordinacion-con-el-gobierno-sirio","status":"publish","type":"post","link":"https:\/\/archive.sana.sy\/es\/?p=26160","title":{"rendered":"Zaspikin: cualquier coalici\u00f3n antiterrorista ser\u00e1 ineficaz sin una coordinaci\u00f3n con el gobierno sirio"},"content":{"rendered":"<p><span style=\"color: #ff0000\"><strong>Beirut, SANA<\/strong><\/span><\/p>\n<p><strong>El embajador ruso en el L\u00edbano Alexander Zaspikin afirm\u00f3 que combatir el terrorismo y la provisi\u00f3n de los terroristas y cortar las rutas de sus infiltraciones hacia Siria, Irak y el L\u00edbano y otros pa\u00edses en la regi\u00f3n forma un principio en la pol\u00edtica rusa, se\u00f1alando a la continuaci\u00f3n de su pa\u00eds en los esfuerzos para llegar a una soluci\u00f3n pol\u00edtico a la crisis en Siria.<\/strong><\/p>\n<p><strong>El mismo declar\u00f3 en una entrevista televisiva que la prioridad debe ser para una acci\u00f3n militar que erradica al terrorismo se\u00f1alando que este fen\u00f3meno se expandi\u00f3 en varios pa\u00edses.<\/strong><\/p>\n<p><strong>Zaspikin hizo hincapi\u00e9 en que cualquier coalici\u00f3n antiterrorista no ser\u00e1 eficaz ni positiva sin la coordinaci\u00f3n con el gobierno sirio.<\/strong><\/p>\n<p><strong>El diplom\u00e1tico ruso a\u00f1adi\u00f3 que Rusia trabaj\u00f3 para una soluci\u00f3n pol\u00edtica en Siria durante varios encuentros consultivos entre el gobierno y la oposici\u00f3n.<\/strong><\/p>\n<p><strong>As\u00ed que Zaspikin se\u00f1al\u00f3 que occidente aprovech\u00f3 a los movimientos en los pa\u00edses \u00e1rabes para aplicar agendas determinadas lejos de los intereses de los pueblos y eso fue lo que pas\u00f3 en T\u00fanez, Libia, Egipto, Siria e Irak donde se infiltraron miles de militantes a estos pa\u00edses con agendas internacionales y regionales que borraron los anhelos de los pueblos.<\/strong><\/p>\n<p><span style=\"color: #00ccff\">Hala B., Ryad Sh.<\/span><\/p>\n","protected":false},"excerpt":{"rendered":"<p>Beirut, SANA El embajador ruso en el L\u00edbano Alexander Zaspikin afirm\u00f3 que combatir el terrorismo y la provisi\u00f3n de los terroristas y cortar las rutas de sus infiltraciones hacia Siria, Irak y el L\u00edbano y otros pa\u00edses en la regi\u00f3n forma un principio en la pol\u00edtica rusa, se\u00f1alando a la continuaci\u00f3n de su pa\u00eds en &hellip;<\/p>\n","protected":false},"author":1,"featured_media":26161,"comment_status":"closed","ping_status":"closed","sticky":false,"template":"","format":"standard","meta":{"footnotes":""},"categories":[456,576],"tags":[5877],"class_list":["post-26160","post","type-post","status-publish","format-standard","has-post-thumbnail","","category-arabe-internacional-politica","category-noticias-politicas","tag-zaspikin-cualquier-coalicion-antiterrorista-sera-ineficaz-sin-una-coordinacion-con-el-gobierno-sirio"],"_links":{"self":[{"href":"https:\/\/archive.sana.sy\/es\/index.php?rest_route=\/wp\/v2\/posts\/26160"}],"collection":[{"href":"https:\/\/archive.sana.sy\/es\/index.php?rest_route=\/wp\/v2\/posts"}],"about":[{"href":"https:\/\/archive.sana.sy\/es\/index.php?rest_route=\/wp\/v2\/types\/post"}],"author":[{"embeddable":true,"href":"https:\/\/archive.sana.sy\/es\/index.php?rest_route=\/wp\/v2\/users\/1"}],"replies":[{"embeddable":true,"href":"https:\/\/archive.sana.sy\/es\/index.php?rest_route=%2Fwp%2Fv2%2Fcomments&post=26160"}],"version-history":[{"count":0,"href":"https:\/\/archive.sana.sy\/es\/index.php?rest_route=\/wp\/v2\/posts\/26160\/revisions"}],"wp:featuredmedia":[{"embeddable":true,"href":"https:\/\/archive.sana.sy\/es\/index.php?rest_route=\/wp\/v2\/media\/26161"}],"wp:attachment":[{"href":"https:\/\/archive.sana.sy\/es\/index.php?rest_route=%2Fwp%2Fv2%2Fmedia&parent=26160"}],"wp:term":[{"taxonomy":"category","embeddable":true,"href":"https:\/\/archive.sana.sy\/es\/index.php?rest_route=%2Fwp%2Fv2%2Fcategories&post=26160"},{"taxonomy":"post_tag","embeddable":true,"href":"https:\/\/archive.sana.sy\/es\/index.php?rest_route=%2Fwp%2Fv2%2Ftags&post=26160"}],"curies":[{"name":"wp","href":"https:\/\/api.w.org\/{rel}","templated":true}]}}