{"id":26165,"date":"2015-07-06T16:19:58","date_gmt":"2015-07-06T13:19:58","guid":{"rendered":"http:\/\/sana.sy\/es\/?p=26165"},"modified":"2015-07-06T19:09:21","modified_gmt":"2015-07-06T16:09:21","slug":"galawanji-debate-con-una-delegacion-sueca-la-realidad-de-la-situacion-humanitaria-en-siria","status":"publish","type":"post","link":"https:\/\/archive.sana.sy\/es\/?p=26165","title":{"rendered":"Galawanji debate con una delegaci\u00f3n suiza la realidad de la situaci\u00f3n humanitaria en Siria"},"content":{"rendered":"<p><span style=\"color: #ff0000\"><strong>Damasco, SANA<\/strong><\/span><\/p>\n<p><strong>El ingeniero Omar Galawanji viceprimer ministro para los Asuntos de Servicios, ministro de Administraci\u00f3n Local debati\u00f3 hoy con los miembros de la delegaci\u00f3n federal suiza encabezada por el embajador Manuel Bsler la realidad de la situaci\u00f3n humanitaria en Siria y las v\u00edas de desarrollarlas.<\/strong><\/p>\n<p><strong>Galawanji durante la reuni\u00f3n proporcion\u00f3 al\u00a0 jefe\u00a0 del Comit\u00e9 superior de socorro una explicaci\u00f3n sobre el mecanismo del trabajo humanitario y de socorro en Siria y\u00a0 la colaboraci\u00f3n entre el gobierno sirio y las organizaciones de los Naciones Unidos y las organizaciones internacionales y extranjeras y nacionales no gobernarles en el marco del plan de respuesta humanitaria para aliviar el sufrimiento del pueblo sirio.<\/strong><\/p>\n<p><strong>El mismo afirm\u00f3 la preparaci\u00f3n del gobierno sirio\u00a0 para la colaboraci\u00f3n con el comit\u00e9 federal sueco y la agencia de desarrollo sueca en base del principio de respetar a la soberan\u00eda siria, considerando que la presencia del comit\u00e9 sueco contribuir\u00e1 en fortalecer la colaboraci\u00f3n tom\u00e1ndose en cuenta la experiencia mundial en este campo.<\/strong><\/p>\n<p><strong>Por su parte Bisler expres\u00f3 la disposici\u00f3n de su comit\u00e9 de proporcionar la ayuda humanitaria y de socorro dentro del sistema operativo en Siria, y realizarlo en base del principio participativo entre el gobierno y las diferentes organizaciones nacionales e internacionales, expresando su deseo de alcanzar\u00a0 acuerdos que faciliten su trabajo en este campo.<\/strong><\/p>\n<p><span style=\"color: #00ccff\">Hala B., Ryad Sh.<\/span><\/p>\n","protected":false},"excerpt":{"rendered":"<p>Damasco, SANA El ingeniero Omar Galawanji viceprimer ministro para los Asuntos de Servicios, ministro de Administraci\u00f3n Local debati\u00f3 hoy con los miembros de la delegaci\u00f3n federal suiza encabezada por el embajador Manuel Bsler la realidad de la situaci\u00f3n humanitaria en Siria y las v\u00edas de desarrollarlas. Galawanji durante la reuni\u00f3n proporcion\u00f3 al\u00a0 jefe\u00a0 del Comit\u00e9 &hellip;<\/p>\n","protected":false},"author":1,"featured_media":26167,"comment_status":"closed","ping_status":"closed","sticky":false,"template":"","format":"standard","meta":{"footnotes":""},"categories":[477,597],"tags":[5878],"class_list":["post-26165","post","type-post","status-publish","format-standard","has-post-thumbnail","","category-noticias-edulcorantes","category-cinta-de-noticias","tag-galawanji-debate-con-una-delegacion-sueca-la-realidad-de-la-situacion-humanitaria-en-siria"],"_links":{"self":[{"href":"https:\/\/archive.sana.sy\/es\/index.php?rest_route=\/wp\/v2\/posts\/26165"}],"collection":[{"href":"https:\/\/archive.sana.sy\/es\/index.php?rest_route=\/wp\/v2\/posts"}],"about":[{"href":"https:\/\/archive.sana.sy\/es\/index.php?rest_route=\/wp\/v2\/types\/post"}],"author":[{"embeddable":true,"href":"https:\/\/archive.sana.sy\/es\/index.php?rest_route=\/wp\/v2\/users\/1"}],"replies":[{"embeddable":true,"href":"https:\/\/archive.sana.sy\/es\/index.php?rest_route=%2Fwp%2Fv2%2Fcomments&post=26165"}],"version-history":[{"count":0,"href":"https:\/\/archive.sana.sy\/es\/index.php?rest_route=\/wp\/v2\/posts\/26165\/revisions"}],"wp:featuredmedia":[{"embeddable":true,"href":"https:\/\/archive.sana.sy\/es\/index.php?rest_route=\/wp\/v2\/media\/26167"}],"wp:attachment":[{"href":"https:\/\/archive.sana.sy\/es\/index.php?rest_route=%2Fwp%2Fv2%2Fmedia&parent=26165"}],"wp:term":[{"taxonomy":"category","embeddable":true,"href":"https:\/\/archive.sana.sy\/es\/index.php?rest_route=%2Fwp%2Fv2%2Fcategories&post=26165"},{"taxonomy":"post_tag","embeddable":true,"href":"https:\/\/archive.sana.sy\/es\/index.php?rest_route=%2Fwp%2Fv2%2Ftags&post=26165"}],"curies":[{"name":"wp","href":"https:\/\/api.w.org\/{rel}","templated":true}]}}