{"id":261669,"date":"2022-11-11T10:31:12","date_gmt":"2022-11-11T08:31:12","guid":{"rendered":"http:\/\/107.6.182.27\/es\/?p=261669"},"modified":"2023-01-10T15:50:27","modified_gmt":"2023-01-10T13:50:27","slug":"la-india-se-opone-a-la-superioridad-de-algunos-paises-a-los-demas","status":"publish","type":"post","link":"https:\/\/archive.sana.sy\/es\/?p=261669","title":{"rendered":"La India se opone a la superioridad de algunos pa\u00edses a los dem\u00e1s"},"content":{"rendered":"<p style=\"text-align: justify;\"><span style=\"color: #800000;\"><strong>Nueva Delhi, 11 nov (SANA)\u00a0<\/strong><\/span>India no cree en un orden mundial en el que ciertos pa\u00edses se consideren superiores a los dem\u00e1s, declar\u00f3 este jueves el ministro de Defensa indio, Rajnath Singh, durante un discurso ante el Colegio de Defensa Nacional, citado por RT.<\/p>\n<p style=\"text-align: justify;\">En su alocuci\u00f3n, Singh subray\u00f3 la necesidad de entender la seguridad como una empresa verdaderamente colectiva que permita crear un orden global beneficioso para todos.<\/p>\n<p style=\"text-align: justify;\">El ministro indio explic\u00f3 que la India apuesta por una pol\u00edtica multialineada, realizada a trav\u00e9s de diversos compromisos con m\u00faltiples partes interesadas, de modo que las preocupaciones de todos puedan ser abordadas de forma igualitaria para alcanzar un futuro pr\u00f3spero.<\/p>\n<p style=\"text-align: justify;\">&#8220;Nuestras acciones se gu\u00edan por la esencia misma de la igualdad y la dignidad humanas, que forman parte de su antigua \u00e9tica y de sus s\u00f3lidos fundamentos morales&#8221;, se\u00f1al\u00f3. &#8220;Por esta raz\u00f3n, cuando nos asociamos con cualquier naci\u00f3n, lo hacemos sobre la base de la igualdad soberana y el respeto mutuo&#8221;, concluy\u00f3.<\/p>\n<p style=\"text-align: justify;\"><em><strong>ah<\/strong><\/em><\/p>\n","protected":false},"excerpt":{"rendered":"<p>Nueva Delhi, 11 nov (SANA)\u00a0India no cree en un orden mundial en el que ciertos pa\u00edses se consideren superiores a los dem\u00e1s, declar\u00f3 este jueves el ministro de Defensa indio, Rajnath Singh, durante un discurso ante el Colegio de Defensa Nacional, citado por RT. En su alocuci\u00f3n, Singh subray\u00f3 la necesidad de entender la seguridad &hellip;<\/p>\n","protected":false},"author":30,"featured_media":261670,"comment_status":"closed","ping_status":"closed","sticky":false,"template":"","format":"standard","meta":{"footnotes":""},"categories":[456,20724],"tags":[],"class_list":["post-261669","post","type-post","status-publish","format-standard","has-post-thumbnail","","category-arabe-internacional-politica","category-minuto-a-minuto"],"_links":{"self":[{"href":"https:\/\/archive.sana.sy\/es\/index.php?rest_route=\/wp\/v2\/posts\/261669"}],"collection":[{"href":"https:\/\/archive.sana.sy\/es\/index.php?rest_route=\/wp\/v2\/posts"}],"about":[{"href":"https:\/\/archive.sana.sy\/es\/index.php?rest_route=\/wp\/v2\/types\/post"}],"author":[{"embeddable":true,"href":"https:\/\/archive.sana.sy\/es\/index.php?rest_route=\/wp\/v2\/users\/30"}],"replies":[{"embeddable":true,"href":"https:\/\/archive.sana.sy\/es\/index.php?rest_route=%2Fwp%2Fv2%2Fcomments&post=261669"}],"version-history":[{"count":0,"href":"https:\/\/archive.sana.sy\/es\/index.php?rest_route=\/wp\/v2\/posts\/261669\/revisions"}],"wp:featuredmedia":[{"embeddable":true,"href":"https:\/\/archive.sana.sy\/es\/index.php?rest_route=\/wp\/v2\/media\/261670"}],"wp:attachment":[{"href":"https:\/\/archive.sana.sy\/es\/index.php?rest_route=%2Fwp%2Fv2%2Fmedia&parent=261669"}],"wp:term":[{"taxonomy":"category","embeddable":true,"href":"https:\/\/archive.sana.sy\/es\/index.php?rest_route=%2Fwp%2Fv2%2Fcategories&post=261669"},{"taxonomy":"post_tag","embeddable":true,"href":"https:\/\/archive.sana.sy\/es\/index.php?rest_route=%2Fwp%2Fv2%2Ftags&post=261669"}],"curies":[{"name":"wp","href":"https:\/\/api.w.org\/{rel}","templated":true}]}}