{"id":261675,"date":"2022-11-11T12:08:08","date_gmt":"2022-11-11T10:08:08","guid":{"rendered":"http:\/\/107.6.182.27\/es\/?p=261675"},"modified":"2023-01-10T15:50:27","modified_gmt":"2023-01-10T13:50:27","slug":"donetsk-ucrania-bombardeo-la-ciudad-de-rozhovka-con-misiles-himars","status":"publish","type":"post","link":"https:\/\/archive.sana.sy\/es\/?p=261675","title":{"rendered":"Donetsk: Ucrania bombarde\u00f3 la ciudad de Rozhovka con misiles Himars"},"content":{"rendered":"<p style=\"text-align: justify;\"><strong>Donetsk, 11 nov (SANA)<\/strong> La oficina de representaci\u00f3n de la Rep\u00fablica Popular de Donetsk en el Centro Conjunto para el Monitoreo y la Coordinaci\u00f3n del Alto el Fuego inform\u00f3 que las fuerzas de Kiev atacaron la ciudad de Rozhovka con misiles estadounidenses Himars.<\/p>\n<p style=\"text-align: justify;\">La agencia de noticias Sputnik cit\u00f3 la declaraci\u00f3n de la oficina diciendo: Las fuerzas armadas de Ucrania lanzaron dos misiles Himars estadounidenses hacia la ciudad de Rozhovka, Donetsk, esta ma\u00f1ana.<\/p>\n<p style=\"text-align: justify;\">Diariamente, las fuerzas ucranianas atacan barrios residenciales e infraestructura en las regiones y ciudades de las Rep\u00fablicas Populares de Lugansk y Donetsk, lo que causa v\u00edctimas civiles y da\u00f1os significativos a propiedades privadas y gubernamentales.<\/p>\n<p style=\"text-align: justify;\">Al menos tres personas murieron y otras seis resultaron heridas la v\u00edspera por bombardeos de las fuerzas ucranianas contra el territorio de la Rep\u00fablica de Donetsk.<\/p>\n<p style=\"text-align: justify;\"><em><strong>ah\/fm<\/strong><\/em><\/p>\n","protected":false},"excerpt":{"rendered":"<p>Donetsk, 11 nov (SANA) La oficina de representaci\u00f3n de la Rep\u00fablica Popular de Donetsk en el Centro Conjunto para el Monitoreo y la Coordinaci\u00f3n del Alto el Fuego inform\u00f3 que las fuerzas de Kiev atacaron la ciudad de Rozhovka con misiles estadounidenses Himars. La agencia de noticias Sputnik cit\u00f3 la declaraci\u00f3n de la oficina diciendo: &hellip;<\/p>\n","protected":false},"author":30,"featured_media":261676,"comment_status":"closed","ping_status":"closed","sticky":false,"template":"","format":"standard","meta":{"footnotes":""},"categories":[456,20724],"tags":[],"class_list":["post-261675","post","type-post","status-publish","format-standard","has-post-thumbnail","","category-arabe-internacional-politica","category-minuto-a-minuto"],"_links":{"self":[{"href":"https:\/\/archive.sana.sy\/es\/index.php?rest_route=\/wp\/v2\/posts\/261675"}],"collection":[{"href":"https:\/\/archive.sana.sy\/es\/index.php?rest_route=\/wp\/v2\/posts"}],"about":[{"href":"https:\/\/archive.sana.sy\/es\/index.php?rest_route=\/wp\/v2\/types\/post"}],"author":[{"embeddable":true,"href":"https:\/\/archive.sana.sy\/es\/index.php?rest_route=\/wp\/v2\/users\/30"}],"replies":[{"embeddable":true,"href":"https:\/\/archive.sana.sy\/es\/index.php?rest_route=%2Fwp%2Fv2%2Fcomments&post=261675"}],"version-history":[{"count":0,"href":"https:\/\/archive.sana.sy\/es\/index.php?rest_route=\/wp\/v2\/posts\/261675\/revisions"}],"wp:featuredmedia":[{"embeddable":true,"href":"https:\/\/archive.sana.sy\/es\/index.php?rest_route=\/wp\/v2\/media\/261676"}],"wp:attachment":[{"href":"https:\/\/archive.sana.sy\/es\/index.php?rest_route=%2Fwp%2Fv2%2Fmedia&parent=261675"}],"wp:term":[{"taxonomy":"category","embeddable":true,"href":"https:\/\/archive.sana.sy\/es\/index.php?rest_route=%2Fwp%2Fv2%2Fcategories&post=261675"},{"taxonomy":"post_tag","embeddable":true,"href":"https:\/\/archive.sana.sy\/es\/index.php?rest_route=%2Fwp%2Fv2%2Ftags&post=261675"}],"curies":[{"name":"wp","href":"https:\/\/api.w.org\/{rel}","templated":true}]}}