{"id":261695,"date":"2022-11-11T15:00:29","date_gmt":"2022-11-11T13:00:29","guid":{"rendered":"http:\/\/107.6.182.27\/es\/?p=261695"},"modified":"2023-01-10T15:50:26","modified_gmt":"2023-01-10T13:50:26","slug":"mas-de-5-000-los-mercenarios-polacos-luchan-del-lado-de-kiev","status":"publish","type":"post","link":"https:\/\/archive.sana.sy\/es\/?p=261695","title":{"rendered":"M\u00e1s de 5.000 los mercenarios polacos que luchan del lado de Kiev"},"content":{"rendered":"<p style=\"text-align: justify;\"><span style=\"color: #800000;\"><strong>Mosc\u00fa, 11 nov (SANA)<\/strong> <\/span>M\u00e1s de 5.000 mercenarios polacos combaten del lado ucraniano en la l\u00ednea de operaciones en Zaporozhie, comunic\u00f3 Vlad\u00edmir R\u00f3gov, miembro de la Administraci\u00f3n regional, citado por Sputnik.<\/p>\n<p style=\"text-align: justify;\">&#8220;El r\u00e9gimen de Kiev acumul\u00f3 a una gran cantidad de mercenarios en la l\u00ednea del frente de Zaporozhie. Seg\u00fan nuestras estimaciones, solo los mercenarios polacos suman m\u00e1s de 5.000&#8221;, afirm\u00f3 R\u00f3gov.<\/p>\n<p style=\"text-align: justify;\">A\u00f1adi\u00f3 que tambi\u00e9n hay mercenarios de Georgia y representantes de diferentes grupos terroristas internacionales.<\/p>\n<p style=\"text-align: justify;\">fm\/sm<\/p>\n","protected":false},"excerpt":{"rendered":"<p>Mosc\u00fa, 11 nov (SANA) M\u00e1s de 5.000 mercenarios polacos combaten del lado ucraniano en la l\u00ednea de operaciones en Zaporozhie, comunic\u00f3 Vlad\u00edmir R\u00f3gov, miembro de la Administraci\u00f3n regional, citado por Sputnik. &#8220;El r\u00e9gimen de Kiev acumul\u00f3 a una gran cantidad de mercenarios en la l\u00ednea del frente de Zaporozhie. Seg\u00fan nuestras estimaciones, solo los mercenarios &hellip;<\/p>\n","protected":false},"author":39,"featured_media":261696,"comment_status":"closed","ping_status":"closed","sticky":false,"template":"","format":"standard","meta":{"footnotes":""},"categories":[597,456,20724,7541],"tags":[20281,21450],"class_list":["post-261695","post","type-post","status-publish","format-standard","has-post-thumbnail","","category-cinta-de-noticias","category-arabe-internacional-politica","category-minuto-a-minuto","category-ultimas-noticias","tag-kiev","tag-mercenarios-polacos"],"_links":{"self":[{"href":"https:\/\/archive.sana.sy\/es\/index.php?rest_route=\/wp\/v2\/posts\/261695"}],"collection":[{"href":"https:\/\/archive.sana.sy\/es\/index.php?rest_route=\/wp\/v2\/posts"}],"about":[{"href":"https:\/\/archive.sana.sy\/es\/index.php?rest_route=\/wp\/v2\/types\/post"}],"author":[{"embeddable":true,"href":"https:\/\/archive.sana.sy\/es\/index.php?rest_route=\/wp\/v2\/users\/39"}],"replies":[{"embeddable":true,"href":"https:\/\/archive.sana.sy\/es\/index.php?rest_route=%2Fwp%2Fv2%2Fcomments&post=261695"}],"version-history":[{"count":0,"href":"https:\/\/archive.sana.sy\/es\/index.php?rest_route=\/wp\/v2\/posts\/261695\/revisions"}],"wp:featuredmedia":[{"embeddable":true,"href":"https:\/\/archive.sana.sy\/es\/index.php?rest_route=\/wp\/v2\/media\/261696"}],"wp:attachment":[{"href":"https:\/\/archive.sana.sy\/es\/index.php?rest_route=%2Fwp%2Fv2%2Fmedia&parent=261695"}],"wp:term":[{"taxonomy":"category","embeddable":true,"href":"https:\/\/archive.sana.sy\/es\/index.php?rest_route=%2Fwp%2Fv2%2Fcategories&post=261695"},{"taxonomy":"post_tag","embeddable":true,"href":"https:\/\/archive.sana.sy\/es\/index.php?rest_route=%2Fwp%2Fv2%2Ftags&post=261695"}],"curies":[{"name":"wp","href":"https:\/\/api.w.org\/{rel}","templated":true}]}}