{"id":26173,"date":"2015-07-06T18:38:30","date_gmt":"2015-07-06T15:38:30","guid":{"rendered":"http:\/\/sana.sy\/es\/?p=26173"},"modified":"2015-07-06T18:58:25","modified_gmt":"2015-07-06T15:58:25","slug":"mikdad-los-patrocinadores-de-las-organizaciones-terroristas-son-los-responsables-de-la-crisis-humanitaria-en-siria","status":"publish","type":"post","link":"https:\/\/archive.sana.sy\/es\/?p=26173","title":{"rendered":"Mikdad: Los patrocinadores de las organizaciones terroristas son los responsables de la crisis humanitaria en Siria"},"content":{"rendered":"<p>Damasco-SANA<\/p>\n<p>El vicecanciller Faisal Mikdad se reuni\u00f3 con los miembros de una delegaci\u00f3n suiza y examin\u00f3 con ellos las perspectivas de la cooperaci\u00f3n en materia de la prestaci\u00f3n de ayuda humanitaria a las personas afectadas por la crisis en Siria.<\/p>\n<p>Mikdad subray\u00f3 la importancia de que haya una coordinaci\u00f3n entre las organizaciones humanitarias y el gobierno sirio a fin de garantizar la entrega\u00a0de ayudas a las personas necesitadas.<\/p>\n<p>Durante la reuni\u00f3n, Mikdad atribuy\u00f3 la responsabilidad de la crisis humanitaria en el pa\u00eds a las organizaciones terroristas y a los estados que los apoyan.<\/p>\n<p>Por su parte, los miembros de la delegaci\u00f3n, dijeron que el objetivo de su visita a Siria es conocer la realidad de la situaci\u00f3n humanitaria en Siria y discutir con el gobierno sirio la cooperaci\u00f3n en las cuestiones relacionadas con la labor humanitaria.<\/p>\n<p>Yamil K.<\/p>\n","protected":false},"excerpt":{"rendered":"<p>Damasco-SANA El vicecanciller Faisal Mikdad se reuni\u00f3 con los miembros de una delegaci\u00f3n suiza y examin\u00f3 con ellos las perspectivas de la cooperaci\u00f3n en materia de la prestaci\u00f3n de ayuda humanitaria a las personas afectadas por la crisis en Siria. Mikdad subray\u00f3 la importancia de que haya una coordinaci\u00f3n entre las organizaciones humanitarias y el &hellip;<\/p>\n","protected":false},"author":1,"featured_media":26174,"comment_status":"closed","ping_status":"closed","sticky":false,"template":"","format":"standard","meta":{"footnotes":""},"categories":[456,457,576],"tags":[],"class_list":["post-26173","post","type-post","status-publish","format-standard","has-post-thumbnail","","category-arabe-internacional-politica","category-noticias-arabe-internacional-politica","category-noticias-politicas"],"_links":{"self":[{"href":"https:\/\/archive.sana.sy\/es\/index.php?rest_route=\/wp\/v2\/posts\/26173"}],"collection":[{"href":"https:\/\/archive.sana.sy\/es\/index.php?rest_route=\/wp\/v2\/posts"}],"about":[{"href":"https:\/\/archive.sana.sy\/es\/index.php?rest_route=\/wp\/v2\/types\/post"}],"author":[{"embeddable":true,"href":"https:\/\/archive.sana.sy\/es\/index.php?rest_route=\/wp\/v2\/users\/1"}],"replies":[{"embeddable":true,"href":"https:\/\/archive.sana.sy\/es\/index.php?rest_route=%2Fwp%2Fv2%2Fcomments&post=26173"}],"version-history":[{"count":0,"href":"https:\/\/archive.sana.sy\/es\/index.php?rest_route=\/wp\/v2\/posts\/26173\/revisions"}],"wp:featuredmedia":[{"embeddable":true,"href":"https:\/\/archive.sana.sy\/es\/index.php?rest_route=\/wp\/v2\/media\/26174"}],"wp:attachment":[{"href":"https:\/\/archive.sana.sy\/es\/index.php?rest_route=%2Fwp%2Fv2%2Fmedia&parent=26173"}],"wp:term":[{"taxonomy":"category","embeddable":true,"href":"https:\/\/archive.sana.sy\/es\/index.php?rest_route=%2Fwp%2Fv2%2Fcategories&post=26173"},{"taxonomy":"post_tag","embeddable":true,"href":"https:\/\/archive.sana.sy\/es\/index.php?rest_route=%2Fwp%2Fv2%2Ftags&post=26173"}],"curies":[{"name":"wp","href":"https:\/\/api.w.org\/{rel}","templated":true}]}}