{"id":261733,"date":"2022-11-11T20:01:19","date_gmt":"2022-11-11T18:01:19","guid":{"rendered":"http:\/\/107.6.182.27\/es\/?p=261733"},"modified":"2022-11-11T21:39:24","modified_gmt":"2022-11-11T19:39:24","slug":"lanzan-dos-campanas-de-reforestacion-en-dos-localidades-de-sweida-fotos","status":"publish","type":"post","link":"https:\/\/archive.sana.sy\/es\/?p=261733","title":{"rendered":"Lanzan dos campa\u00f1as de reforestaci\u00f3n en dos localidades de Sweida (+fotos)"},"content":{"rendered":"<p style=\"text-align: justify;\"><span style=\"color: #800000;\"><strong>Sweida, 11 nov (SANA)\u00a0<\/strong><\/span> \u00a0Dos campa\u00f1as de reforestaci\u00f3n se lanzaron hoy en dos localidades en la provincia sure\u00f1a siria de Sweida, a unos 130 kil\u00f3metros al sur de la capital Damasco.<\/p>\n<p style=\"text-align: justify;\">Las dos iniciativas incluyeron la siembra de m\u00e1s de 5000 \u00e1rboles por parte de voluntarios y personas movilizadas por la Direcci\u00f3n provincial de Agricultura y la Media Luna Roja \u00c1rabe Siria.<\/p>\n<p style=\"text-align: justify;\">Las \u00e1reas sembradas se ubican en la localidad de Al-Kafr y las inmediaciones de la represa de Rum.<\/p>\n<p style=\"text-align: justify;\">De acuerdo al director de Agricultura, Ayham Hamed, estas campa\u00f1as tienen como objetivo aumentar las \u00e1reas verdes.<\/p>\n<p style=\"text-align: justify;\">lch\/fm<\/p>\n<p>&nbsp;<\/p>\n<div id='gallery-1' class='gallery galleryid-261733 gallery-columns-1 gallery-size-full'><figure class='gallery-item'>\n\t\t\t<div class='gallery-icon landscape'>\n\t\t\t\t<a href='https:\/\/archive.sana.sy\/es\/wp-content\/uploads\/2022\/11\/3-1-1-scaled.jpg'><img loading=\"lazy\" decoding=\"async\" width=\"2560\" height=\"1681\" src=\"https:\/\/archive.sana.sy\/es\/wp-content\/uploads\/2022\/11\/3-1-1-scaled.jpg\" class=\"attachment-full size-full\" alt=\"\" srcset=\"https:\/\/archive.sana.sy\/es\/wp-content\/uploads\/2022\/11\/3-1-1-scaled.jpg 2560w, https:\/\/archive.sana.sy\/es\/wp-content\/uploads\/2022\/11\/3-1-1-300x197.jpg 300w, https:\/\/archive.sana.sy\/es\/wp-content\/uploads\/2022\/11\/3-1-1-1024x672.jpg 1024w, https:\/\/archive.sana.sy\/es\/wp-content\/uploads\/2022\/11\/3-1-1-150x98.jpg 150w, https:\/\/archive.sana.sy\/es\/wp-content\/uploads\/2022\/11\/3-1-1-768x504.jpg 768w, https:\/\/archive.sana.sy\/es\/wp-content\/uploads\/2022\/11\/3-1-1-1536x1008.jpg 1536w, https:\/\/archive.sana.sy\/es\/wp-content\/uploads\/2022\/11\/3-1-1-2048x1344.jpg 2048w, https:\/\/archive.sana.sy\/es\/wp-content\/uploads\/2022\/11\/3-1-1-310x205.jpg 310w\" sizes=\"(max-width: 2560px) 100vw, 2560px\" \/><\/a>\n\t\t\t<\/div><\/figure><figure class='gallery-item'>\n\t\t\t<div class='gallery-icon landscape'>\n\t\t\t\t<a href='https:\/\/archive.sana.sy\/es\/wp-content\/uploads\/2022\/11\/3-17-scaled.jpg'><img loading=\"lazy\" decoding=\"async\" width=\"2560\" height=\"1545\" src=\"https:\/\/archive.sana.sy\/es\/wp-content\/uploads\/2022\/11\/3-17-scaled.jpg\" class=\"attachment-full size-full\" alt=\"\" srcset=\"https:\/\/archive.sana.sy\/es\/wp-content\/uploads\/2022\/11\/3-17-scaled.jpg 2560w, https:\/\/archive.sana.sy\/es\/wp-content\/uploads\/2022\/11\/3-17-300x181.jpg 300w, https:\/\/archive.sana.sy\/es\/wp-content\/uploads\/2022\/11\/3-17-1024x618.jpg 1024w, https:\/\/archive.sana.sy\/es\/wp-content\/uploads\/2022\/11\/3-17-150x91.jpg 150w, https:\/\/archive.sana.sy\/es\/wp-content\/uploads\/2022\/11\/3-17-768x464.jpg 768w, https:\/\/archive.sana.sy\/es\/wp-content\/uploads\/2022\/11\/3-17-1536x927.jpg 1536w, https:\/\/archive.sana.sy\/es\/wp-content\/uploads\/2022\/11\/3-17-2048x1236.jpg 2048w\" sizes=\"(max-width: 2560px) 100vw, 2560px\" \/><\/a>\n\t\t\t<\/div><\/figure><figure class='gallery-item'>\n\t\t\t<div class='gallery-icon landscape'>\n\t\t\t\t<a href='https:\/\/archive.sana.sy\/es\/wp-content\/uploads\/2022\/11\/3-20-scaled.jpg'><img loading=\"lazy\" decoding=\"async\" width=\"2560\" height=\"1720\" src=\"https:\/\/archive.sana.sy\/es\/wp-content\/uploads\/2022\/11\/3-20-scaled.jpg\" class=\"attachment-full size-full\" alt=\"\" srcset=\"https:\/\/archive.sana.sy\/es\/wp-content\/uploads\/2022\/11\/3-20-scaled.jpg 2560w, https:\/\/archive.sana.sy\/es\/wp-content\/uploads\/2022\/11\/3-20-300x202.jpg 300w, https:\/\/archive.sana.sy\/es\/wp-content\/uploads\/2022\/11\/3-20-1024x688.jpg 1024w, https:\/\/archive.sana.sy\/es\/wp-content\/uploads\/2022\/11\/3-20-150x101.jpg 150w, https:\/\/archive.sana.sy\/es\/wp-content\/uploads\/2022\/11\/3-20-768x516.jpg 768w, https:\/\/archive.sana.sy\/es\/wp-content\/uploads\/2022\/11\/3-20-1536x1032.jpg 1536w, https:\/\/archive.sana.sy\/es\/wp-content\/uploads\/2022\/11\/3-20-2048x1376.jpg 2048w, https:\/\/archive.sana.sy\/es\/wp-content\/uploads\/2022\/11\/3-20-110x75.jpg 110w\" sizes=\"(max-width: 2560px) 100vw, 2560px\" \/><\/a>\n\t\t\t<\/div><\/figure><figure class='gallery-item'>\n\t\t\t<div class='gallery-icon landscape'>\n\t\t\t\t<a href='https:\/\/archive.sana.sy\/es\/wp-content\/uploads\/2022\/11\/3-7.jpg'><img loading=\"lazy\" decoding=\"async\" width=\"660\" height=\"330\" src=\"https:\/\/archive.sana.sy\/es\/wp-content\/uploads\/2022\/11\/3-7.jpg\" class=\"attachment-full size-full\" alt=\"\" srcset=\"https:\/\/archive.sana.sy\/es\/wp-content\/uploads\/2022\/11\/3-7.jpg 660w, https:\/\/archive.sana.sy\/es\/wp-content\/uploads\/2022\/11\/3-7-300x150.jpg 300w, https:\/\/archive.sana.sy\/es\/wp-content\/uploads\/2022\/11\/3-7-150x75.jpg 150w\" sizes=\"(max-width: 660px) 100vw, 660px\" \/><\/a>\n\t\t\t<\/div><\/figure><figure class='gallery-item'>\n\t\t\t<div class='gallery-icon landscape'>\n\t\t\t\t<a href='https:\/\/archive.sana.sy\/es\/wp-content\/uploads\/2022\/11\/3-15.jpg'><img loading=\"lazy\" decoding=\"async\" width=\"660\" height=\"330\" src=\"https:\/\/archive.sana.sy\/es\/wp-content\/uploads\/2022\/11\/3-15.jpg\" class=\"attachment-full size-full\" alt=\"\" srcset=\"https:\/\/archive.sana.sy\/es\/wp-content\/uploads\/2022\/11\/3-15.jpg 660w, https:\/\/archive.sana.sy\/es\/wp-content\/uploads\/2022\/11\/3-15-300x150.jpg 300w, https:\/\/archive.sana.sy\/es\/wp-content\/uploads\/2022\/11\/3-15-150x75.jpg 150w\" sizes=\"(max-width: 660px) 100vw, 660px\" \/><\/a>\n\t\t\t<\/div><\/figure>\n\t\t<\/div>\n\n","protected":false},"excerpt":{"rendered":"<p>Sweida, 11 nov (SANA)\u00a0 \u00a0Dos campa\u00f1as de reforestaci\u00f3n se lanzaron hoy en dos localidades en la provincia sure\u00f1a siria de Sweida, a unos 130 kil\u00f3metros al sur de la capital Damasco. Las dos iniciativas incluyeron la siembra de m\u00e1s de 5000 \u00e1rboles por parte de voluntarios y personas movilizadas por la Direcci\u00f3n provincial de Agricultura &hellip;<\/p>\n","protected":false},"author":31,"featured_media":261734,"comment_status":"closed","ping_status":"closed","sticky":false,"template":"","format":"standard","meta":{"footnotes":""},"categories":[477,597,476,7541],"tags":[21103,21461,6553,8723],"class_list":["post-261733","post","type-post","status-publish","format-standard","has-post-thumbnail","","category-noticias-edulcorantes","category-cinta-de-noticias","category-locales","category-ultimas-noticias","tag-campana","tag-reforestacion","tag-siria","tag-sweida"],"_links":{"self":[{"href":"https:\/\/archive.sana.sy\/es\/index.php?rest_route=\/wp\/v2\/posts\/261733"}],"collection":[{"href":"https:\/\/archive.sana.sy\/es\/index.php?rest_route=\/wp\/v2\/posts"}],"about":[{"href":"https:\/\/archive.sana.sy\/es\/index.php?rest_route=\/wp\/v2\/types\/post"}],"author":[{"embeddable":true,"href":"https:\/\/archive.sana.sy\/es\/index.php?rest_route=\/wp\/v2\/users\/31"}],"replies":[{"embeddable":true,"href":"https:\/\/archive.sana.sy\/es\/index.php?rest_route=%2Fwp%2Fv2%2Fcomments&post=261733"}],"version-history":[{"count":0,"href":"https:\/\/archive.sana.sy\/es\/index.php?rest_route=\/wp\/v2\/posts\/261733\/revisions"}],"wp:featuredmedia":[{"embeddable":true,"href":"https:\/\/archive.sana.sy\/es\/index.php?rest_route=\/wp\/v2\/media\/261734"}],"wp:attachment":[{"href":"https:\/\/archive.sana.sy\/es\/index.php?rest_route=%2Fwp%2Fv2%2Fmedia&parent=261733"}],"wp:term":[{"taxonomy":"category","embeddable":true,"href":"https:\/\/archive.sana.sy\/es\/index.php?rest_route=%2Fwp%2Fv2%2Fcategories&post=261733"},{"taxonomy":"post_tag","embeddable":true,"href":"https:\/\/archive.sana.sy\/es\/index.php?rest_route=%2Fwp%2Fv2%2Ftags&post=261733"}],"curies":[{"name":"wp","href":"https:\/\/api.w.org\/{rel}","templated":true}]}}