{"id":26181,"date":"2015-07-06T19:00:03","date_gmt":"2015-07-06T16:00:03","guid":{"rendered":"http:\/\/sana.sy\/es\/?p=26181"},"modified":"2015-07-06T19:48:49","modified_gmt":"2015-07-06T16:48:49","slug":"incautados-detonadores-y-mechas-en-un-camion-turco-que-iba-destino-a-los-terroristas-en-siria","status":"publish","type":"post","link":"https:\/\/archive.sana.sy\/es\/?p=26181","title":{"rendered":"Incautados detonadores y mechas en un cami\u00f3n turco que iba destino a los terroristas en Siria"},"content":{"rendered":"<p>Ankara-SANA<\/p>\n<p>El diario turco Cumhuriyet, revel\u00f3 la confiscaci\u00f3n de un cami\u00f3n cargado de detonadores y mechas, mientras se dirig\u00eda rumbo a Siria desde Turqu\u00eda.<\/p>\n<p>El diario aclar\u00f3 que las fuerzas de seguridad confiscaron el cami\u00f3n que cargaba diez mil detonadores el\u00e9ctricos y 290 mil metros de mechas, as\u00ed como detuvieron a cinco personas sospechosas, cuatro de ellas de nacionalidad siria.<\/p>\n<p>El peri\u00f3dico turco se\u00f1al\u00f3 que los detenidos, durante la interrogaci\u00f3n, admitieron que intentaban cruzar ilegalmente desde Turqu\u00eda hacia la ciudad de Tal Abiad en la campi\u00f1a de la provincia de Raka al noreste de Siria.<\/p>\n<p>Yamil K.<\/p>\n","protected":false},"excerpt":{"rendered":"<p>Ankara-SANA El diario turco Cumhuriyet, revel\u00f3 la confiscaci\u00f3n de un cami\u00f3n cargado de detonadores y mechas, mientras se dirig\u00eda rumbo a Siria desde Turqu\u00eda. El diario aclar\u00f3 que las fuerzas de seguridad confiscaron el cami\u00f3n que cargaba diez mil detonadores el\u00e9ctricos y 290 mil metros de mechas, as\u00ed como detuvieron a cinco personas sospechosas, cuatro &hellip;<\/p>\n","protected":false},"author":1,"featured_media":26182,"comment_status":"closed","ping_status":"closed","sticky":false,"template":"","format":"standard","meta":{"footnotes":""},"categories":[456,457,576],"tags":[],"class_list":["post-26181","post","type-post","status-publish","format-standard","has-post-thumbnail","","category-arabe-internacional-politica","category-noticias-arabe-internacional-politica","category-noticias-politicas"],"_links":{"self":[{"href":"https:\/\/archive.sana.sy\/es\/index.php?rest_route=\/wp\/v2\/posts\/26181"}],"collection":[{"href":"https:\/\/archive.sana.sy\/es\/index.php?rest_route=\/wp\/v2\/posts"}],"about":[{"href":"https:\/\/archive.sana.sy\/es\/index.php?rest_route=\/wp\/v2\/types\/post"}],"author":[{"embeddable":true,"href":"https:\/\/archive.sana.sy\/es\/index.php?rest_route=\/wp\/v2\/users\/1"}],"replies":[{"embeddable":true,"href":"https:\/\/archive.sana.sy\/es\/index.php?rest_route=%2Fwp%2Fv2%2Fcomments&post=26181"}],"version-history":[{"count":0,"href":"https:\/\/archive.sana.sy\/es\/index.php?rest_route=\/wp\/v2\/posts\/26181\/revisions"}],"wp:featuredmedia":[{"embeddable":true,"href":"https:\/\/archive.sana.sy\/es\/index.php?rest_route=\/wp\/v2\/media\/26182"}],"wp:attachment":[{"href":"https:\/\/archive.sana.sy\/es\/index.php?rest_route=%2Fwp%2Fv2%2Fmedia&parent=26181"}],"wp:term":[{"taxonomy":"category","embeddable":true,"href":"https:\/\/archive.sana.sy\/es\/index.php?rest_route=%2Fwp%2Fv2%2Fcategories&post=26181"},{"taxonomy":"post_tag","embeddable":true,"href":"https:\/\/archive.sana.sy\/es\/index.php?rest_route=%2Fwp%2Fv2%2Ftags&post=26181"}],"curies":[{"name":"wp","href":"https:\/\/api.w.org\/{rel}","templated":true}]}}