{"id":26184,"date":"2015-07-07T12:17:37","date_gmt":"2015-07-07T09:17:37","guid":{"rendered":"http:\/\/sana.sy\/es\/?p=26184"},"modified":"2023-01-10T15:29:08","modified_gmt":"2023-01-10T13:29:08","slug":"una-ley-presidencial-exime-a-las-infracciones-aduaneras-de-las-multas","status":"publish","type":"post","link":"https:\/\/archive.sana.sy\/es\/?p=26184","title":{"rendered":"Una ley presidencial exime a las infracciones aduaneras de las multas"},"content":{"rendered":"<div><span lang=\"ES-TRAD\" style=\"color: #800000\">Damasco, SANA<\/span><\/div>\n<div><\/div>\n<div><span lang=\"ES-TRAD\">El Presidente Bashar al-Assad, promulg\u00f3 la Ley No. 7 del a\u00f1o 2015, la cual exime de las multas a las infracciones aduaneras.<\/span><\/div>\n<div><\/div>\n<div><span lang=\"ES-TRAD\">De acuerdo con la ley, se exime las infracciones aduaneras en caso de saldar las deudas aduaneras pendientes.<\/span><\/div>\n<div><\/div>\n<div><span lang=\"ES-TRAD\">El ministro de hacienda, Ismael Ismael, hab\u00eda afirmado ante la Asamblea del Pueblo, que la ley se impuso en funci\u00f3n de la gran recaudaci\u00f3n alcanzada de impuestos aduaneros en funci\u00f3n del decreto legislativo No. 45 para el a\u00f1o 2013 y la decisi\u00f3n de extender la vigencia del mismo por el periodo de seis meses en funci\u00f3n del decreto legislativo No. 6 para el a\u00f1o 2015.<\/span><\/div>\n<div><\/div>\n<div><span style=\"color: #00ccff\">Fady M., Hala B.<\/span><\/div>\n<div class=\"yj6qo ajU\">\n<div id=\":vq\" class=\"ajR\"><img decoding=\"async\" class=\"ajT\" src=\"https:\/\/ssl.gstatic.com\/ui\/v1\/icons\/mail\/images\/cleardot.gif\" alt=\"\" \/><\/div>\n<\/div>\n","protected":false},"excerpt":{"rendered":"<p>Damasco, SANA El Presidente Bashar al-Assad, promulg\u00f3 la Ley No. 7 del a\u00f1o 2015, la cual exime de las multas a las infracciones aduaneras. De acuerdo con la ley, se exime las infracciones aduaneras en caso de saldar las deudas aduaneras pendientes. El ministro de hacienda, Ismael Ismael, hab\u00eda afirmado ante la Asamblea del Pueblo, &hellip;<\/p>\n","protected":false},"author":1,"featured_media":26185,"comment_status":"closed","ping_status":"closed","sticky":false,"template":"","format":"standard","meta":{"footnotes":""},"categories":[447,477,485,476,626],"tags":[5879],"class_list":["post-26184","post","type-post","status-publish","format-standard","has-post-thumbnail","","category-local-politica","category-noticias-edulcorantes","category-informes-negocios-y-finanzas","category-locales","category-sr-presidente","tag-una-ley-presidencial-exime-a-las-infracciones-aduaneras-de-las-multas"],"_links":{"self":[{"href":"https:\/\/archive.sana.sy\/es\/index.php?rest_route=\/wp\/v2\/posts\/26184"}],"collection":[{"href":"https:\/\/archive.sana.sy\/es\/index.php?rest_route=\/wp\/v2\/posts"}],"about":[{"href":"https:\/\/archive.sana.sy\/es\/index.php?rest_route=\/wp\/v2\/types\/post"}],"author":[{"embeddable":true,"href":"https:\/\/archive.sana.sy\/es\/index.php?rest_route=\/wp\/v2\/users\/1"}],"replies":[{"embeddable":true,"href":"https:\/\/archive.sana.sy\/es\/index.php?rest_route=%2Fwp%2Fv2%2Fcomments&post=26184"}],"version-history":[{"count":0,"href":"https:\/\/archive.sana.sy\/es\/index.php?rest_route=\/wp\/v2\/posts\/26184\/revisions"}],"wp:featuredmedia":[{"embeddable":true,"href":"https:\/\/archive.sana.sy\/es\/index.php?rest_route=\/wp\/v2\/media\/26185"}],"wp:attachment":[{"href":"https:\/\/archive.sana.sy\/es\/index.php?rest_route=%2Fwp%2Fv2%2Fmedia&parent=26184"}],"wp:term":[{"taxonomy":"category","embeddable":true,"href":"https:\/\/archive.sana.sy\/es\/index.php?rest_route=%2Fwp%2Fv2%2Fcategories&post=26184"},{"taxonomy":"post_tag","embeddable":true,"href":"https:\/\/archive.sana.sy\/es\/index.php?rest_route=%2Fwp%2Fv2%2Ftags&post=26184"}],"curies":[{"name":"wp","href":"https:\/\/api.w.org\/{rel}","templated":true}]}}