{"id":26187,"date":"2015-07-07T12:20:57","date_gmt":"2015-07-07T09:20:57","guid":{"rendered":"http:\/\/sana.sy\/es\/?p=26187"},"modified":"2015-07-07T12:20:57","modified_gmt":"2015-07-07T09:20:57","slug":"fuerzas-de-ocupacion-israelies-detienen-a-nueve-sirios-golaneses","status":"publish","type":"post","link":"https:\/\/archive.sana.sy\/es\/?p=26187","title":{"rendered":"Fuerzas de ocupaci\u00f3n israel\u00edes detienen a nueve sirios golaneses"},"content":{"rendered":"<div><span lang=\"ES-TRAD\" style=\"color: #ff0000\">Gol\u00e1n sirio ocupado, SANA<\/span><\/div>\n<div><\/div>\n<div><span lang=\"ES-TRAD\">Las fuerzas de ocupaci\u00f3n israel\u00edes detuvieron la noche del lunes a nueve ciudadanos sirio del Gol\u00e1n sirio ocupado.<\/span><\/div>\n<div><\/div>\n<div><span lang=\"ES-TRAD\">Las autoridades sionistas justificaron su detenci\u00f3n a los sirios por la sospecha de su participaci\u00f3n en el ataque contra una ambulancia israel\u00ed que trasladaban a terroristas de al-Qaeda que fueron heridos en Siria, para ofrecerle tratamiento en los hospitales de la ocupaci\u00f3n.<\/span><\/div>\n<div><\/div>\n<div><span lang=\"ES-TRAD\">El sitio Web israel\u00ed &#8220;Rutter.net&#8221; revel\u00f3 que &#8220;una gran fuerza policial israel\u00ed arrest\u00f3 a nueve sospechosos en el incidente de la ambulancia en el Gol\u00e1n el d\u00eda 22 de junio.&#8221;<\/span><\/div>\n<div><\/div>\n<div><span lang=\"ES-TRAD\">Cabe resaltar que las fuerzas de ocupaci\u00f3n israel\u00edes han continuado su campa\u00f1a de arrestos arbitrarios contra los pobladores del ocupado Gol\u00e1n sirio.<\/span><\/div>\n<div><\/div>\n<div><span lang=\"ES-TRAD\">\u00a0<\/span><\/div>\n<div><span lang=\"ES-TRAD\">La campa\u00f1a israel\u00ed viene en represalia por la operaci\u00f3n llevada a cabo por un grupo de j\u00f3venes golaneses en la que atacaron a una ambulancia sionista que trasladaba a terroristas del Frente al-Nousra.<\/span><\/div>\n<div><\/div>\n<div><span style=\"color: #00ccff\">Fady M., Hala B.<\/span><\/div>\n","protected":false},"excerpt":{"rendered":"<p>Gol\u00e1n sirio ocupado, SANA Las fuerzas de ocupaci\u00f3n israel\u00edes detuvieron la noche del lunes a nueve ciudadanos sirio del Gol\u00e1n sirio ocupado. Las autoridades sionistas justificaron su detenci\u00f3n a los sirios por la sospecha de su participaci\u00f3n en el ataque contra una ambulancia israel\u00ed que trasladaban a terroristas de al-Qaeda que fueron heridos en Siria, &hellip;<\/p>\n","protected":false},"author":1,"featured_media":26188,"comment_status":"closed","ping_status":"closed","sticky":false,"template":"","format":"standard","meta":{"footnotes":""},"categories":[576],"tags":[5880],"class_list":["post-26187","post","type-post","status-publish","format-standard","has-post-thumbnail","","category-noticias-politicas","tag-fuerzas-de-ocupacion-israelies-detienen-a-nueve-sirios-golaneses"],"_links":{"self":[{"href":"https:\/\/archive.sana.sy\/es\/index.php?rest_route=\/wp\/v2\/posts\/26187"}],"collection":[{"href":"https:\/\/archive.sana.sy\/es\/index.php?rest_route=\/wp\/v2\/posts"}],"about":[{"href":"https:\/\/archive.sana.sy\/es\/index.php?rest_route=\/wp\/v2\/types\/post"}],"author":[{"embeddable":true,"href":"https:\/\/archive.sana.sy\/es\/index.php?rest_route=\/wp\/v2\/users\/1"}],"replies":[{"embeddable":true,"href":"https:\/\/archive.sana.sy\/es\/index.php?rest_route=%2Fwp%2Fv2%2Fcomments&post=26187"}],"version-history":[{"count":0,"href":"https:\/\/archive.sana.sy\/es\/index.php?rest_route=\/wp\/v2\/posts\/26187\/revisions"}],"wp:featuredmedia":[{"embeddable":true,"href":"https:\/\/archive.sana.sy\/es\/index.php?rest_route=\/wp\/v2\/media\/26188"}],"wp:attachment":[{"href":"https:\/\/archive.sana.sy\/es\/index.php?rest_route=%2Fwp%2Fv2%2Fmedia&parent=26187"}],"wp:term":[{"taxonomy":"category","embeddable":true,"href":"https:\/\/archive.sana.sy\/es\/index.php?rest_route=%2Fwp%2Fv2%2Fcategories&post=26187"},{"taxonomy":"post_tag","embeddable":true,"href":"https:\/\/archive.sana.sy\/es\/index.php?rest_route=%2Fwp%2Fv2%2Ftags&post=26187"}],"curies":[{"name":"wp","href":"https:\/\/api.w.org\/{rel}","templated":true}]}}