{"id":26195,"date":"2015-07-07T13:13:01","date_gmt":"2015-07-07T10:13:01","guid":{"rendered":"http:\/\/sana.sy\/es\/?p=26195"},"modified":"2015-07-07T13:13:01","modified_gmt":"2015-07-07T10:13:01","slug":"velayati-siria-es-atacada-debido-a-su-apoyo-a-la-causa-palestina-y-a-la-resistencia","status":"publish","type":"post","link":"https:\/\/archive.sana.sy\/es\/?p=26195","title":{"rendered":"Velayati: Siria es atacada debido a su apoyo a la causa palestina y a la resistencia"},"content":{"rendered":"<div><span lang=\"ES-TRAD\" style=\"color: #ff0000\">Teher\u00e1n, SANA<\/span><\/div>\n<div><\/div>\n<div><span lang=\"ES-TRAD\">El asesor del l\u00edder supremo de la Revoluci\u00f3n Isl\u00e1mica de Ir\u00e1n para Asuntos Internacionales, Ali Akbar Velayati, dijo agresi\u00f3n terrorista que sufre Siria hoy en d\u00eda se debe a su apoyo a la causa palestina y a la resistencia en la regi\u00f3n.<\/span><\/div>\n<div><\/div>\n<div><span lang=\"ES-TRAD\">Durante su intervenci\u00f3n en el foro de (Palestina, s\u00edmbolo de la resistencia), celebrado en Teher\u00e1n, Velayati dijo que &#8220;la guerra terrorista que Siria se enfrenta se debe por el apoyo de este pa\u00eds al eje de la resistencia en la regi\u00f3n y su respaldo al pueblo palestino&#8221;.<\/span><\/div>\n<div><\/div>\n<div><span lang=\"ES-TRAD\">Explic\u00f3 que desde la usurpaci\u00f3n de Palestina, los musulmanes tratan de recuperarla, pero los gobiernos \u00e1rabes no comparten con sus pueblos la misma meta, y ha sido el \u00fanico pa\u00eds firme ante Israel.<\/span><\/div>\n<div><\/div>\n<div><span style=\"color: #00ccff\">Fady M., Hala B.<\/span><\/div>\n","protected":false},"excerpt":{"rendered":"<p>Teher\u00e1n, SANA El asesor del l\u00edder supremo de la Revoluci\u00f3n Isl\u00e1mica de Ir\u00e1n para Asuntos Internacionales, Ali Akbar Velayati, dijo agresi\u00f3n terrorista que sufre Siria hoy en d\u00eda se debe a su apoyo a la causa palestina y a la resistencia en la regi\u00f3n. Durante su intervenci\u00f3n en el foro de (Palestina, s\u00edmbolo de la &hellip;<\/p>\n","protected":false},"author":1,"featured_media":26196,"comment_status":"closed","ping_status":"closed","sticky":false,"template":"","format":"standard","meta":{"footnotes":""},"categories":[456,576],"tags":[5883],"class_list":["post-26195","post","type-post","status-publish","format-standard","has-post-thumbnail","","category-arabe-internacional-politica","category-noticias-politicas","tag-velayati-siria-es-atacada-debido-a-su-apoyo-a-la-causa-palestina-y-a-la-resistencia"],"_links":{"self":[{"href":"https:\/\/archive.sana.sy\/es\/index.php?rest_route=\/wp\/v2\/posts\/26195"}],"collection":[{"href":"https:\/\/archive.sana.sy\/es\/index.php?rest_route=\/wp\/v2\/posts"}],"about":[{"href":"https:\/\/archive.sana.sy\/es\/index.php?rest_route=\/wp\/v2\/types\/post"}],"author":[{"embeddable":true,"href":"https:\/\/archive.sana.sy\/es\/index.php?rest_route=\/wp\/v2\/users\/1"}],"replies":[{"embeddable":true,"href":"https:\/\/archive.sana.sy\/es\/index.php?rest_route=%2Fwp%2Fv2%2Fcomments&post=26195"}],"version-history":[{"count":0,"href":"https:\/\/archive.sana.sy\/es\/index.php?rest_route=\/wp\/v2\/posts\/26195\/revisions"}],"wp:featuredmedia":[{"embeddable":true,"href":"https:\/\/archive.sana.sy\/es\/index.php?rest_route=\/wp\/v2\/media\/26196"}],"wp:attachment":[{"href":"https:\/\/archive.sana.sy\/es\/index.php?rest_route=%2Fwp%2Fv2%2Fmedia&parent=26195"}],"wp:term":[{"taxonomy":"category","embeddable":true,"href":"https:\/\/archive.sana.sy\/es\/index.php?rest_route=%2Fwp%2Fv2%2Fcategories&post=26195"},{"taxonomy":"post_tag","embeddable":true,"href":"https:\/\/archive.sana.sy\/es\/index.php?rest_route=%2Fwp%2Fv2%2Ftags&post=26195"}],"curies":[{"name":"wp","href":"https:\/\/api.w.org\/{rel}","templated":true}]}}