{"id":26198,"date":"2015-07-07T13:35:16","date_gmt":"2015-07-07T10:35:16","guid":{"rendered":"http:\/\/sana.sy\/es\/?p=26198"},"modified":"2015-07-07T13:35:16","modified_gmt":"2015-07-07T10:35:16","slug":"policia-espanola-arresta-a-una-mujer-que-reclutaba-ninas-para-afiliarse-al-ei","status":"publish","type":"post","link":"https:\/\/archive.sana.sy\/es\/?p=26198","title":{"rendered":"Polic\u00eda espa\u00f1ola arresta a una mujer que reclutaba ni\u00f1as para afiliarse al EI"},"content":{"rendered":"<div><span lang=\"ES-TRAD\" style=\"color: #ff0000\">Madrid, SANA<\/span><\/div>\n<div><\/div>\n<div><span lang=\"ES-TRAD\">La polic\u00eda espa\u00f1ola detuvo a una mujer en las Islas Canarias por cargos de reclutar ni\u00f1as para unirse a la organizaci\u00f3n terrorista del Estado Isl\u00e1mico (EI).<\/span><\/div>\n<div><\/div>\n<div><span lang=\"ES-TRAD\">Un comunicado emitido por el Ministerio del Interior espa\u00f1ol, confirm\u00f3 que &#8220;la mujer espa\u00f1ola fue detenido en la isla de Lanzarote en el extremo este de las Islas Canarias, por tener \u00a0contactos directos con miembros de la organizaci\u00f3n extremista, sin dar m\u00e1s detalles.<\/span><\/div>\n<div><\/div>\n<div><span lang=\"ES-TRAD\">El Ministerio del Interior espa\u00f1ol hab\u00eda anunciado el s\u00e1bado la detenci\u00f3n de un terrorista de origen marroqu\u00ed por haber promovido \u00a0ideas de la organizaci\u00f3n terrorista del EI y por haber reclutado a j\u00f3venes a trav\u00e9s de los medios de comunicaci\u00f3n social.<\/span><\/div>\n<div><\/div>\n<div><span lang=\"ES-TRAD\">En junio pasado, la polic\u00eda espa\u00f1ola arrest\u00f3 a 46 personas por cargos relacionados con actividades terroristas.<\/span><\/div>\n<div><\/div>\n<div><span style=\"color: #00ccff\">Fady M., Hala B.<\/span><\/div>\n","protected":false},"excerpt":{"rendered":"<p>Madrid, SANA La polic\u00eda espa\u00f1ola detuvo a una mujer en las Islas Canarias por cargos de reclutar ni\u00f1as para unirse a la organizaci\u00f3n terrorista del Estado Isl\u00e1mico (EI). Un comunicado emitido por el Ministerio del Interior espa\u00f1ol, confirm\u00f3 que &#8220;la mujer espa\u00f1ola fue detenido en la isla de Lanzarote en el extremo este de las &hellip;<\/p>\n","protected":false},"author":1,"featured_media":26199,"comment_status":"closed","ping_status":"closed","sticky":false,"template":"","format":"standard","meta":{"footnotes":""},"categories":[456,576],"tags":[5884],"class_list":["post-26198","post","type-post","status-publish","format-standard","has-post-thumbnail","","category-arabe-internacional-politica","category-noticias-politicas","tag-policia-espanola-arresta-a-una-mujer-que-reclutaba-ninas-para-afiliarse-al-ei"],"_links":{"self":[{"href":"https:\/\/archive.sana.sy\/es\/index.php?rest_route=\/wp\/v2\/posts\/26198"}],"collection":[{"href":"https:\/\/archive.sana.sy\/es\/index.php?rest_route=\/wp\/v2\/posts"}],"about":[{"href":"https:\/\/archive.sana.sy\/es\/index.php?rest_route=\/wp\/v2\/types\/post"}],"author":[{"embeddable":true,"href":"https:\/\/archive.sana.sy\/es\/index.php?rest_route=\/wp\/v2\/users\/1"}],"replies":[{"embeddable":true,"href":"https:\/\/archive.sana.sy\/es\/index.php?rest_route=%2Fwp%2Fv2%2Fcomments&post=26198"}],"version-history":[{"count":0,"href":"https:\/\/archive.sana.sy\/es\/index.php?rest_route=\/wp\/v2\/posts\/26198\/revisions"}],"wp:featuredmedia":[{"embeddable":true,"href":"https:\/\/archive.sana.sy\/es\/index.php?rest_route=\/wp\/v2\/media\/26199"}],"wp:attachment":[{"href":"https:\/\/archive.sana.sy\/es\/index.php?rest_route=%2Fwp%2Fv2%2Fmedia&parent=26198"}],"wp:term":[{"taxonomy":"category","embeddable":true,"href":"https:\/\/archive.sana.sy\/es\/index.php?rest_route=%2Fwp%2Fv2%2Fcategories&post=26198"},{"taxonomy":"post_tag","embeddable":true,"href":"https:\/\/archive.sana.sy\/es\/index.php?rest_route=%2Fwp%2Fv2%2Ftags&post=26198"}],"curies":[{"name":"wp","href":"https:\/\/api.w.org\/{rel}","templated":true}]}}