{"id":26201,"date":"2015-07-07T13:30:46","date_gmt":"2015-07-07T10:30:46","guid":{"rendered":"http:\/\/sana.sy\/es\/?p=26201"},"modified":"2015-07-07T13:50:04","modified_gmt":"2015-07-07T10:50:04","slug":"obama-dice-que-lucha-contra-el-ei-es-una-tarea-prolongada","status":"publish","type":"post","link":"https:\/\/archive.sana.sy\/es\/?p=26201","title":{"rendered":"Obama dice que lucha contra el EI es una tarea prolongada"},"content":{"rendered":"<div><span lang=\"ES-TRAD\" style=\"color: #ff0000\">Washington, SANA<\/span><\/div>\n<div><\/div>\n<div><span lang=\"ES-TRAD\">El presidente de EE.UU., Barack Obama, consider\u00f3 que la lucha contra el grupo terrorista del Estado Isl\u00e1mico (EI) no se trata de un simple esfuerzo militar sino una campa\u00f1a a largo plazo.<\/span><\/div>\n<div><\/div>\n<div><span lang=\"ES-TRAD\">En un intento para justificar la ineficacia de la llamada coalici\u00f3n liderada por Washington contra este grupo takfirista, Obama dijo que &#8220;se intensificar\u00edan los esfuerzos contra las bases del EI en Siria, atacando a la direcci\u00f3n y a las infraestructuras de esta organizaci\u00f3n en Siria&#8221;.<\/span><\/div>\n<div><\/div>\n<div><span lang=\"ES-TRAD\">En una declaraci\u00f3n en el Pent\u00e1gono, Obama asever\u00f3 que los ataques a\u00e9reos de EE.UU. seguir\u00e1n apuntando a las instalaciones petroleras y de gas que financian muchas de operaciones terroristas de EI.<\/span><\/div>\n<div><\/div>\n<div><span lang=\"ES-TRAD\">Por su parte el secretario estadounidense de Defensa, Ashton Carter, dijo que los bombardeos estadounidenses en principio apuntaban a apoyar el avance de las fuerzas kurdas.<\/span><\/div>\n<div><\/div>\n<div><span lang=\"ES-TRAD\">Al respecto, el mandatario de EE.UU. a\u00f1adi\u00f3 que &#8220;durante el a\u00f1o, vimos que con un socio eficaz en el terreno, el EIIL podr\u00eda ser relegado&#8221;.<\/span><\/div>\n<div><\/div>\n<div><span style=\"color: #00ccff\">Fady M., Hala B.<\/span><\/div>\n","protected":false},"excerpt":{"rendered":"<p>Washington, SANA El presidente de EE.UU., Barack Obama, consider\u00f3 que la lucha contra el grupo terrorista del Estado Isl\u00e1mico (EI) no se trata de un simple esfuerzo militar sino una campa\u00f1a a largo plazo. En un intento para justificar la ineficacia de la llamada coalici\u00f3n liderada por Washington contra este grupo takfirista, Obama dijo que &hellip;<\/p>\n","protected":false},"author":1,"featured_media":26202,"comment_status":"closed","ping_status":"closed","sticky":false,"template":"","format":"standard","meta":{"footnotes":""},"categories":[456,576],"tags":[5885],"class_list":["post-26201","post","type-post","status-publish","format-standard","has-post-thumbnail","","category-arabe-internacional-politica","category-noticias-politicas","tag-obama-dice-que-lucha-contra-el-ei-es-una-tarea-prolongada"],"_links":{"self":[{"href":"https:\/\/archive.sana.sy\/es\/index.php?rest_route=\/wp\/v2\/posts\/26201"}],"collection":[{"href":"https:\/\/archive.sana.sy\/es\/index.php?rest_route=\/wp\/v2\/posts"}],"about":[{"href":"https:\/\/archive.sana.sy\/es\/index.php?rest_route=\/wp\/v2\/types\/post"}],"author":[{"embeddable":true,"href":"https:\/\/archive.sana.sy\/es\/index.php?rest_route=\/wp\/v2\/users\/1"}],"replies":[{"embeddable":true,"href":"https:\/\/archive.sana.sy\/es\/index.php?rest_route=%2Fwp%2Fv2%2Fcomments&post=26201"}],"version-history":[{"count":0,"href":"https:\/\/archive.sana.sy\/es\/index.php?rest_route=\/wp\/v2\/posts\/26201\/revisions"}],"wp:featuredmedia":[{"embeddable":true,"href":"https:\/\/archive.sana.sy\/es\/index.php?rest_route=\/wp\/v2\/media\/26202"}],"wp:attachment":[{"href":"https:\/\/archive.sana.sy\/es\/index.php?rest_route=%2Fwp%2Fv2%2Fmedia&parent=26201"}],"wp:term":[{"taxonomy":"category","embeddable":true,"href":"https:\/\/archive.sana.sy\/es\/index.php?rest_route=%2Fwp%2Fv2%2Fcategories&post=26201"},{"taxonomy":"post_tag","embeddable":true,"href":"https:\/\/archive.sana.sy\/es\/index.php?rest_route=%2Fwp%2Fv2%2Ftags&post=26201"}],"curies":[{"name":"wp","href":"https:\/\/api.w.org\/{rel}","templated":true}]}}