{"id":262197,"date":"2022-11-15T08:15:43","date_gmt":"2022-11-15T06:15:43","guid":{"rendered":"http:\/\/107.6.182.27\/es\/?p=262197"},"modified":"2023-01-10T15:12:13","modified_gmt":"2023-01-10T13:12:13","slug":"siria-presente-en-la-38-edicion-de-la-feria-internacional-de-la-habana-fihav","status":"publish","type":"post","link":"https:\/\/archive.sana.sy\/es\/?p=262197","title":{"rendered":"Siria presente en la 38 edici\u00f3n de la Feria Internacional de La Habana (Fihav)"},"content":{"rendered":"<p style=\"text-align: justify;\"><span style=\"color: #800000;\"><strong>La Habana, 15 nov (SANA)<\/strong><\/span>\u00a0 La 38 edici\u00f3n de la Feria Internacional de La Habana (Fihav) se inaugur\u00f3 en presencia del presidente cubano Miguel D\u00edaz-Canel, y con la participaron de 62 pa\u00edses, incluida Siria.<\/p>\n<p style=\"text-align: justify;\">En un discurso en la inauguraci\u00f3n del evento, el primer ministro cubano de la isla, Manuel Marrero, conden\u00f3 el bloqueo ilegal impuesto por Estados Unidos a Cuba, y destac\u00f3 que la amplia participaci\u00f3n en la Feria confirma el rechazo de la comunidad internacional a este cerco y la confianza de los inversionistas, empresas y bancos participantes en las capacidades de Cuba de superar las dificultades.<\/p>\n<p style=\"text-align: justify;\">El pabell\u00f3n de Siria incluye una presentaci\u00f3n sobre el mapa de inversi\u00f3n nacional, que incluye un grupo de oportunidades disponibles en las gobernaciones sirias, adem\u00e1s de las facilidades ofrecidas a los inversores en virtud de la nueva Ley de Inversiones No. 18 de 2021.<\/p>\n<div id='gallery-1' class='gallery galleryid-262197 gallery-columns-1 gallery-size-full'><figure class='gallery-item'>\n\t\t\t<div class='gallery-icon landscape'>\n\t\t\t\t<a href='https:\/\/archive.sana.sy\/es\/?attachment_id=262199'><img loading=\"lazy\" decoding=\"async\" width=\"660\" height=\"372\" src=\"https:\/\/archive.sana.sy\/es\/wp-content\/uploads\/2022\/11\/photo_2022-11-15_08-05-40.jpg\" class=\"attachment-full size-full\" alt=\"\" srcset=\"https:\/\/archive.sana.sy\/es\/wp-content\/uploads\/2022\/11\/photo_2022-11-15_08-05-40.jpg 660w, https:\/\/archive.sana.sy\/es\/wp-content\/uploads\/2022\/11\/photo_2022-11-15_08-05-40-300x169.jpg 300w, https:\/\/archive.sana.sy\/es\/wp-content\/uploads\/2022\/11\/photo_2022-11-15_08-05-40-150x85.jpg 150w\" sizes=\"(max-width: 660px) 100vw, 660px\" \/><\/a>\n\t\t\t<\/div><\/figure><figure class='gallery-item'>\n\t\t\t<div class='gallery-icon landscape'>\n\t\t\t\t<a href='https:\/\/archive.sana.sy\/es\/?attachment_id=262200'><img loading=\"lazy\" decoding=\"async\" width=\"660\" height=\"358\" src=\"https:\/\/archive.sana.sy\/es\/wp-content\/uploads\/2022\/11\/photo_2022-11-15_08-05-42.jpg\" class=\"attachment-full size-full\" alt=\"\" srcset=\"https:\/\/archive.sana.sy\/es\/wp-content\/uploads\/2022\/11\/photo_2022-11-15_08-05-42.jpg 660w, https:\/\/archive.sana.sy\/es\/wp-content\/uploads\/2022\/11\/photo_2022-11-15_08-05-42-300x163.jpg 300w, https:\/\/archive.sana.sy\/es\/wp-content\/uploads\/2022\/11\/photo_2022-11-15_08-05-42-150x81.jpg 150w\" sizes=\"(max-width: 660px) 100vw, 660px\" \/><\/a>\n\t\t\t<\/div><\/figure>\n\t\t<\/div>\n\n<p style=\"text-align: justify;\"><strong>fm\/ws<\/strong><\/p>\n","protected":false},"excerpt":{"rendered":"<p>La Habana, 15 nov (SANA)\u00a0 La 38 edici\u00f3n de la Feria Internacional de La Habana (Fihav) se inaugur\u00f3 en presencia del presidente cubano Miguel D\u00edaz-Canel, y con la participaron de 62 pa\u00edses, incluida Siria. En un discurso en la inauguraci\u00f3n del evento, el primer ministro cubano de la isla, Manuel Marrero, conden\u00f3 el bloqueo ilegal &hellip;<\/p>\n","protected":false},"author":35,"featured_media":262198,"comment_status":"closed","ping_status":"closed","sticky":false,"template":"","format":"standard","meta":{"footnotes":""},"categories":[510,16686,485,467,7541],"tags":[],"class_list":["post-262197","post","type-post","status-publish","format-standard","has-post-thumbnail","","category-arte-y-cultura","category-economia","category-informes-negocios-y-finanzas","category-siria-y-el-mundo","category-ultimas-noticias"],"_links":{"self":[{"href":"https:\/\/archive.sana.sy\/es\/index.php?rest_route=\/wp\/v2\/posts\/262197"}],"collection":[{"href":"https:\/\/archive.sana.sy\/es\/index.php?rest_route=\/wp\/v2\/posts"}],"about":[{"href":"https:\/\/archive.sana.sy\/es\/index.php?rest_route=\/wp\/v2\/types\/post"}],"author":[{"embeddable":true,"href":"https:\/\/archive.sana.sy\/es\/index.php?rest_route=\/wp\/v2\/users\/35"}],"replies":[{"embeddable":true,"href":"https:\/\/archive.sana.sy\/es\/index.php?rest_route=%2Fwp%2Fv2%2Fcomments&post=262197"}],"version-history":[{"count":0,"href":"https:\/\/archive.sana.sy\/es\/index.php?rest_route=\/wp\/v2\/posts\/262197\/revisions"}],"wp:featuredmedia":[{"embeddable":true,"href":"https:\/\/archive.sana.sy\/es\/index.php?rest_route=\/wp\/v2\/media\/262198"}],"wp:attachment":[{"href":"https:\/\/archive.sana.sy\/es\/index.php?rest_route=%2Fwp%2Fv2%2Fmedia&parent=262197"}],"wp:term":[{"taxonomy":"category","embeddable":true,"href":"https:\/\/archive.sana.sy\/es\/index.php?rest_route=%2Fwp%2Fv2%2Fcategories&post=262197"},{"taxonomy":"post_tag","embeddable":true,"href":"https:\/\/archive.sana.sy\/es\/index.php?rest_route=%2Fwp%2Fv2%2Ftags&post=262197"}],"curies":[{"name":"wp","href":"https:\/\/api.w.org\/{rel}","templated":true}]}}