{"id":262257,"date":"2022-11-15T16:46:56","date_gmt":"2022-11-15T14:46:56","guid":{"rendered":"http:\/\/107.6.182.27\/es\/?p=262257"},"modified":"2023-01-10T14:02:27","modified_gmt":"2023-01-10T12:02:27","slug":"gabinete-enfatiza-necesidad-de-invertir-superficies-adicionales-de-tierras-cultivables-para-asegurar-seguridad-alimentaria","status":"publish","type":"post","link":"https:\/\/archive.sana.sy\/es\/?p=262257","title":{"rendered":"Gabinete instruye poner en producci\u00f3n a superficies adicionales de tierras cultivables"},"content":{"rendered":"<p style=\"text-align: justify\"><span style=\"color: #800000\"><strong>Damasco, 15 nov (SANA)<\/strong><\/span> El Consejo de Ministros enfatiz\u00f3 la necesidad de preparar una visi\u00f3n integrada para desarrollar el sector agr\u00edcola a trav\u00e9s de medidas concretas, tal como asegurar los requerimientos de los agricultores de semillas, fertilizantes y combustibles.<\/p>\n<p style=\"text-align: justify\">Al mismo tiempo, enfatiz\u00f3 la necesidad de prohibir sembrar las tierras destinadas solamente al trigo de cualquier otro cultivo con el fin de garantizar la seguridad alimentaria, as\u00ed como estudi\u00f3 el hecho de facilitar el otorgamiento de pr\u00e9stamos al sector agropecuario y aportar todo el apoyo necesario al mismo.<\/p>\n<p style=\"text-align: justify\">El Gabinete aludi\u00f3 a la importancia de poner en producci\u00f3n superficies adicionales de tierras cultivables de acuerdo con un plan integral.<\/p>\n<p style=\"text-align: justify\">Por otro lado, examin\u00f3 el proceso de comercializaci\u00f3n de la producci\u00f3n de manzana y uva en la provincia de Swaida, y los preparativos para iniciar la comercializaci\u00f3n de la cosecha de c\u00edtricos.<\/p>\n<p style=\"text-align: justify\">la<\/p>\n","protected":false},"excerpt":{"rendered":"<p>Damasco, 15 nov (SANA) El Consejo de Ministros enfatiz\u00f3 la necesidad de preparar una visi\u00f3n integrada para desarrollar el sector agr\u00edcola a trav\u00e9s de medidas concretas, tal como asegurar los requerimientos de los agricultores de semillas, fertilizantes y combustibles. Al mismo tiempo, enfatiz\u00f3 la necesidad de prohibir sembrar las tierras destinadas solamente al trigo de &hellip;<\/p>\n","protected":false},"author":24,"featured_media":262258,"comment_status":"closed","ping_status":"closed","sticky":false,"template":"","format":"standard","meta":{"footnotes":""},"categories":[447,597,476,7541],"tags":[],"class_list":["post-262257","post","type-post","status-publish","format-standard","has-post-thumbnail","","category-local-politica","category-cinta-de-noticias","category-locales","category-ultimas-noticias"],"_links":{"self":[{"href":"https:\/\/archive.sana.sy\/es\/index.php?rest_route=\/wp\/v2\/posts\/262257"}],"collection":[{"href":"https:\/\/archive.sana.sy\/es\/index.php?rest_route=\/wp\/v2\/posts"}],"about":[{"href":"https:\/\/archive.sana.sy\/es\/index.php?rest_route=\/wp\/v2\/types\/post"}],"author":[{"embeddable":true,"href":"https:\/\/archive.sana.sy\/es\/index.php?rest_route=\/wp\/v2\/users\/24"}],"replies":[{"embeddable":true,"href":"https:\/\/archive.sana.sy\/es\/index.php?rest_route=%2Fwp%2Fv2%2Fcomments&post=262257"}],"version-history":[{"count":0,"href":"https:\/\/archive.sana.sy\/es\/index.php?rest_route=\/wp\/v2\/posts\/262257\/revisions"}],"wp:featuredmedia":[{"embeddable":true,"href":"https:\/\/archive.sana.sy\/es\/index.php?rest_route=\/wp\/v2\/media\/262258"}],"wp:attachment":[{"href":"https:\/\/archive.sana.sy\/es\/index.php?rest_route=%2Fwp%2Fv2%2Fmedia&parent=262257"}],"wp:term":[{"taxonomy":"category","embeddable":true,"href":"https:\/\/archive.sana.sy\/es\/index.php?rest_route=%2Fwp%2Fv2%2Fcategories&post=262257"},{"taxonomy":"post_tag","embeddable":true,"href":"https:\/\/archive.sana.sy\/es\/index.php?rest_route=%2Fwp%2Fv2%2Ftags&post=262257"}],"curies":[{"name":"wp","href":"https:\/\/api.w.org\/{rel}","templated":true}]}}