{"id":262265,"date":"2022-11-15T17:02:25","date_gmt":"2022-11-15T15:02:25","guid":{"rendered":"http:\/\/107.6.182.27\/es\/?p=262265"},"modified":"2023-01-10T14:02:27","modified_gmt":"2023-01-10T12:02:27","slug":"putin-pusimos-freno-a-tiempo-y-con-firmeza-a-los-intentos-de-influir-en-la-soberania-de-rusia","status":"publish","type":"post","link":"https:\/\/archive.sana.sy\/es\/?p=262265","title":{"rendered":"Putin: Pusimos freno a tiempo y con firmeza a los intentos de influir en la soberan\u00eda de Rusia"},"content":{"rendered":"<p style=\"text-align: justify\"><span style=\"color: #800000\"><strong>Mosc\u00fa, 15 nov (SANA)<\/strong> <\/span>El presidente ruso Vlad\u00edmir Putin dijo hoy que los intentos de una serie de Estados de reescribir y reencauzar la historia del mundo son cada vez m\u00e1s agresivos.<\/p>\n<p style=\"text-align: justify\">En general, tienen un objetivo evidente en relaci\u00f3n con nuestra sociedad, como m\u00ednimo: dividir, privar de puntos de referencia, debilitar \u2014 en \u00faltima instancia \u2014 a Rusia, afectar a su soberan\u00eda. En esencia, hacer tambalear la soberan\u00eda, dijo el mandatario.<\/p>\n<p style=\"text-align: justify\">Agreg\u00f3 que la desestabilizaci\u00f3n de la soberan\u00eda de los pa\u00edses y sus pueblos empieza con la formaci\u00f3n de &#8220;mitos&#8221; hist\u00f3ricos, como ha sido el caso de Ucrania.<\/p>\n<p style=\"text-align: justify\">Hubo intentos de hacer lo mismo con Rusia, pero les pusimos freno a tiempo y con la suficiente firmeza para defender nuestros intereses, reafirm\u00f3 el l\u00edder.<\/p>\n<p style=\"text-align: justify\">fm\/la<\/p>\n","protected":false},"excerpt":{"rendered":"<p>Mosc\u00fa, 15 nov (SANA) El presidente ruso Vlad\u00edmir Putin dijo hoy que los intentos de una serie de Estados de reescribir y reencauzar la historia del mundo son cada vez m\u00e1s agresivos. En general, tienen un objetivo evidente en relaci\u00f3n con nuestra sociedad, como m\u00ednimo: dividir, privar de puntos de referencia, debilitar \u2014 en \u00faltima &hellip;<\/p>\n","protected":false},"author":24,"featured_media":262266,"comment_status":"closed","ping_status":"closed","sticky":false,"template":"","format":"standard","meta":{"footnotes":""},"categories":[447,597,20724,7541],"tags":[],"class_list":["post-262265","post","type-post","status-publish","format-standard","has-post-thumbnail","","category-local-politica","category-cinta-de-noticias","category-minuto-a-minuto","category-ultimas-noticias"],"_links":{"self":[{"href":"https:\/\/archive.sana.sy\/es\/index.php?rest_route=\/wp\/v2\/posts\/262265"}],"collection":[{"href":"https:\/\/archive.sana.sy\/es\/index.php?rest_route=\/wp\/v2\/posts"}],"about":[{"href":"https:\/\/archive.sana.sy\/es\/index.php?rest_route=\/wp\/v2\/types\/post"}],"author":[{"embeddable":true,"href":"https:\/\/archive.sana.sy\/es\/index.php?rest_route=\/wp\/v2\/users\/24"}],"replies":[{"embeddable":true,"href":"https:\/\/archive.sana.sy\/es\/index.php?rest_route=%2Fwp%2Fv2%2Fcomments&post=262265"}],"version-history":[{"count":0,"href":"https:\/\/archive.sana.sy\/es\/index.php?rest_route=\/wp\/v2\/posts\/262265\/revisions"}],"wp:featuredmedia":[{"embeddable":true,"href":"https:\/\/archive.sana.sy\/es\/index.php?rest_route=\/wp\/v2\/media\/262266"}],"wp:attachment":[{"href":"https:\/\/archive.sana.sy\/es\/index.php?rest_route=%2Fwp%2Fv2%2Fmedia&parent=262265"}],"wp:term":[{"taxonomy":"category","embeddable":true,"href":"https:\/\/archive.sana.sy\/es\/index.php?rest_route=%2Fwp%2Fv2%2Fcategories&post=262265"},{"taxonomy":"post_tag","embeddable":true,"href":"https:\/\/archive.sana.sy\/es\/index.php?rest_route=%2Fwp%2Fv2%2Ftags&post=262265"}],"curies":[{"name":"wp","href":"https:\/\/api.w.org\/{rel}","templated":true}]}}