{"id":262313,"date":"2022-11-16T04:23:20","date_gmt":"2022-11-16T02:23:20","guid":{"rendered":"http:\/\/107.6.182.27\/es\/?p=262313"},"modified":"2023-01-10T15:50:15","modified_gmt":"2023-01-10T13:50:15","slug":"rusia-califica-de-provocacion-deliberada-las-declaraciones-sobre-los-misiles-rusos-en-polonia","status":"publish","type":"post","link":"https:\/\/archive.sana.sy\/es\/?p=262313","title":{"rendered":"Rusia califica de provocaci\u00f3n deliberada las declaraciones sobre los misiles rusos en Polonia"},"content":{"rendered":"<p style=\"text-align: justify;\"><span style=\"color: #800000;\"><strong>Mosc\u00fa, 16 nov (SANA)<\/strong> <\/span>El Ministerio de Defensa de Rusia comunic\u00f3 hoy que las declaraciones de los medios de comunicaci\u00f3n y de los funcionarios polacos sobre el supuesto impacto de misiles rusos cerca de la localidad de Przewod\u00f3w son una provocaci\u00f3n deliberada para agravar la situaci\u00f3n, inform\u00f3 la agencia Sputnik.<\/p>\n<p>Seg\u00fan el medio, el ministerio precisa que no ha habido ataques contra objetivos cerca de la frontera entre Ucrania y Polonia por parte de las armas rusas.<\/p>\n<p style=\"text-align: justify;\">La informaci\u00f3n publicada por los medios de comunicaci\u00f3n polacos tras el incidente de Przewod\u00f3w no tienen nada que ver con las armas rusas, reiter\u00f3 el organismo.<\/p>\n<p style=\"text-align: justify;\">Los expertos en materia militar afirman que los misiles no pudieron alcanzar el territorio polaco, pero los misiles fallidos del sistema S-300 ucranianos pudieron volar hacia Polonia.<\/p>\n<p style=\"text-align: justify;\">fm<\/p>\n<p style=\"text-align: justify;\">\n","protected":false},"excerpt":{"rendered":"<p>Mosc\u00fa, 16 nov (SANA) El Ministerio de Defensa de Rusia comunic\u00f3 hoy que las declaraciones de los medios de comunicaci\u00f3n y de los funcionarios polacos sobre el supuesto impacto de misiles rusos cerca de la localidad de Przewod\u00f3w son una provocaci\u00f3n deliberada para agravar la situaci\u00f3n, inform\u00f3 la agencia Sputnik. Seg\u00fan el medio, el ministerio &hellip;<\/p>\n","protected":false},"author":34,"featured_media":262314,"comment_status":"closed","ping_status":"closed","sticky":false,"template":"","format":"standard","meta":{"footnotes":""},"categories":[597,456,20724,7541],"tags":[],"class_list":["post-262313","post","type-post","status-publish","format-standard","has-post-thumbnail","","category-cinta-de-noticias","category-arabe-internacional-politica","category-minuto-a-minuto","category-ultimas-noticias"],"_links":{"self":[{"href":"https:\/\/archive.sana.sy\/es\/index.php?rest_route=\/wp\/v2\/posts\/262313"}],"collection":[{"href":"https:\/\/archive.sana.sy\/es\/index.php?rest_route=\/wp\/v2\/posts"}],"about":[{"href":"https:\/\/archive.sana.sy\/es\/index.php?rest_route=\/wp\/v2\/types\/post"}],"author":[{"embeddable":true,"href":"https:\/\/archive.sana.sy\/es\/index.php?rest_route=\/wp\/v2\/users\/34"}],"replies":[{"embeddable":true,"href":"https:\/\/archive.sana.sy\/es\/index.php?rest_route=%2Fwp%2Fv2%2Fcomments&post=262313"}],"version-history":[{"count":0,"href":"https:\/\/archive.sana.sy\/es\/index.php?rest_route=\/wp\/v2\/posts\/262313\/revisions"}],"wp:featuredmedia":[{"embeddable":true,"href":"https:\/\/archive.sana.sy\/es\/index.php?rest_route=\/wp\/v2\/media\/262314"}],"wp:attachment":[{"href":"https:\/\/archive.sana.sy\/es\/index.php?rest_route=%2Fwp%2Fv2%2Fmedia&parent=262313"}],"wp:term":[{"taxonomy":"category","embeddable":true,"href":"https:\/\/archive.sana.sy\/es\/index.php?rest_route=%2Fwp%2Fv2%2Fcategories&post=262313"},{"taxonomy":"post_tag","embeddable":true,"href":"https:\/\/archive.sana.sy\/es\/index.php?rest_route=%2Fwp%2Fv2%2Ftags&post=262313"}],"curies":[{"name":"wp","href":"https:\/\/api.w.org\/{rel}","templated":true}]}}