{"id":262316,"date":"2022-11-16T04:30:04","date_gmt":"2022-11-16T02:30:04","guid":{"rendered":"http:\/\/107.6.182.27\/es\/?p=262316"},"modified":"2023-01-10T15:50:15","modified_gmt":"2023-01-10T13:50:15","slug":"trump-registra-oficialmente-su-candidatura-a-la-presidencia-de-ee-uu-en-2024","status":"publish","type":"post","link":"https:\/\/archive.sana.sy\/es\/?p=262316","title":{"rendered":"Trump registra oficialmente su candidatura a la Presidencia de EE.UU. en 2024"},"content":{"rendered":"<p style=\"text-align: justify;\"><span style=\"color: #800000;\"><strong>Washington, 16 nov (SANA)<\/strong><\/span> El expresidente de EE.UU. Donald Trump present\u00f3 los documentos para registrar oficialmente su candidatura a las elecciones presidenciales del 2024.<\/p>\n<p style=\"text-align: justify;\">El expresidente present\u00f3 los documentos a la Comisi\u00f3n Federal de Elecciones estadounidense para crear el Comit\u00e9 Principal de Campa\u00f1a, seg\u00fan una publicaci\u00f3n en el sitio web del organismo citada por RT.<\/p>\n<p style=\"text-align: justify;\">En octubre, Trump insinu\u00f3 que probablemente volver\u00eda a postularse para las pr\u00f3ximas elecciones presidenciales.<\/p>\n<p style=\"text-align: justify;\">fm<\/p>\n","protected":false},"excerpt":{"rendered":"<p>Washington, 16 nov (SANA) El expresidente de EE.UU. Donald Trump present\u00f3 los documentos para registrar oficialmente su candidatura a las elecciones presidenciales del 2024. El expresidente present\u00f3 los documentos a la Comisi\u00f3n Federal de Elecciones estadounidense para crear el Comit\u00e9 Principal de Campa\u00f1a, seg\u00fan una publicaci\u00f3n en el sitio web del organismo citada por RT. &hellip;<\/p>\n","protected":false},"author":34,"featured_media":262318,"comment_status":"closed","ping_status":"closed","sticky":false,"template":"","format":"standard","meta":{"footnotes":""},"categories":[597,456,20724,7541],"tags":[],"class_list":["post-262316","post","type-post","status-publish","format-standard","has-post-thumbnail","","category-cinta-de-noticias","category-arabe-internacional-politica","category-minuto-a-minuto","category-ultimas-noticias"],"_links":{"self":[{"href":"https:\/\/archive.sana.sy\/es\/index.php?rest_route=\/wp\/v2\/posts\/262316"}],"collection":[{"href":"https:\/\/archive.sana.sy\/es\/index.php?rest_route=\/wp\/v2\/posts"}],"about":[{"href":"https:\/\/archive.sana.sy\/es\/index.php?rest_route=\/wp\/v2\/types\/post"}],"author":[{"embeddable":true,"href":"https:\/\/archive.sana.sy\/es\/index.php?rest_route=\/wp\/v2\/users\/34"}],"replies":[{"embeddable":true,"href":"https:\/\/archive.sana.sy\/es\/index.php?rest_route=%2Fwp%2Fv2%2Fcomments&post=262316"}],"version-history":[{"count":0,"href":"https:\/\/archive.sana.sy\/es\/index.php?rest_route=\/wp\/v2\/posts\/262316\/revisions"}],"wp:featuredmedia":[{"embeddable":true,"href":"https:\/\/archive.sana.sy\/es\/index.php?rest_route=\/wp\/v2\/media\/262318"}],"wp:attachment":[{"href":"https:\/\/archive.sana.sy\/es\/index.php?rest_route=%2Fwp%2Fv2%2Fmedia&parent=262316"}],"wp:term":[{"taxonomy":"category","embeddable":true,"href":"https:\/\/archive.sana.sy\/es\/index.php?rest_route=%2Fwp%2Fv2%2Fcategories&post=262316"},{"taxonomy":"post_tag","embeddable":true,"href":"https:\/\/archive.sana.sy\/es\/index.php?rest_route=%2Fwp%2Fv2%2Ftags&post=262316"}],"curies":[{"name":"wp","href":"https:\/\/api.w.org\/{rel}","templated":true}]}}