{"id":26252,"date":"2015-07-07T21:37:21","date_gmt":"2015-07-07T18:37:21","guid":{"rendered":"http:\/\/sana.sy\/es\/?p=26252"},"modified":"2015-07-07T21:37:21","modified_gmt":"2015-07-07T18:37:21","slug":"iraq-lanza-una-operacion-para-liberar-a-la-provincia-de-faluya","status":"publish","type":"post","link":"https:\/\/archive.sana.sy\/es\/?p=26252","title":{"rendered":"Iraq lanza una operaci\u00f3n para liberar a la provincia de Faluya"},"content":{"rendered":"<p><span style=\"color: #800000\">Bagdad-SANA<\/span><\/p>\n<p style=\"text-align: justify\">El Ej\u00e9rcito iraqu\u00ed, en cooperaci\u00f3n con las Unidades de Movilizaci\u00f3n Popular, liber\u00f3 este martes una gran operaci\u00f3n militar a gran escala para retomar el control de la estrat\u00e9gica ciudad occidental de Faluya.<\/p>\n<p style=\"text-align: justify\">Seg\u00fan fuentes iraqu\u00edes, la ofensiva pretende expulsar a los militantes del grupo terrorista EI (Daesh) de la importante localidad, ubicada a unos 69 kil\u00f3metros al oeste de la ciudad de Bagdad.<\/p>\n<p style=\"text-align: justify\">En el mismo contexto, los efectivos iraqu\u00edes acompa\u00f1ados se encuentran actualmente a las puertas de Faluya. Seg\u00fan las fuentes locales.<\/p>\n<p>M.Miri<\/p>\n","protected":false},"excerpt":{"rendered":"<p>Bagdad-SANA El Ej\u00e9rcito iraqu\u00ed, en cooperaci\u00f3n con las Unidades de Movilizaci\u00f3n Popular, liber\u00f3 este martes una gran operaci\u00f3n militar a gran escala para retomar el control de la estrat\u00e9gica ciudad occidental de Faluya. Seg\u00fan fuentes iraqu\u00edes, la ofensiva pretende expulsar a los militantes del grupo terrorista EI (Daesh) de la importante localidad, ubicada a unos &hellip;<\/p>\n","protected":false},"author":1,"featured_media":24211,"comment_status":"closed","ping_status":"closed","sticky":false,"template":"","format":"standard","meta":{"footnotes":""},"categories":[456,457,576],"tags":[5897],"class_list":["post-26252","post","type-post","status-publish","format-standard","has-post-thumbnail","","category-arabe-internacional-politica","category-noticias-arabe-internacional-politica","category-noticias-politicas","tag-iraq-lanza-una-operacion-para-liberar-a-la-provincia-de-faluya"],"_links":{"self":[{"href":"https:\/\/archive.sana.sy\/es\/index.php?rest_route=\/wp\/v2\/posts\/26252"}],"collection":[{"href":"https:\/\/archive.sana.sy\/es\/index.php?rest_route=\/wp\/v2\/posts"}],"about":[{"href":"https:\/\/archive.sana.sy\/es\/index.php?rest_route=\/wp\/v2\/types\/post"}],"author":[{"embeddable":true,"href":"https:\/\/archive.sana.sy\/es\/index.php?rest_route=\/wp\/v2\/users\/1"}],"replies":[{"embeddable":true,"href":"https:\/\/archive.sana.sy\/es\/index.php?rest_route=%2Fwp%2Fv2%2Fcomments&post=26252"}],"version-history":[{"count":0,"href":"https:\/\/archive.sana.sy\/es\/index.php?rest_route=\/wp\/v2\/posts\/26252\/revisions"}],"wp:featuredmedia":[{"embeddable":true,"href":"https:\/\/archive.sana.sy\/es\/index.php?rest_route=\/wp\/v2\/media\/24211"}],"wp:attachment":[{"href":"https:\/\/archive.sana.sy\/es\/index.php?rest_route=%2Fwp%2Fv2%2Fmedia&parent=26252"}],"wp:term":[{"taxonomy":"category","embeddable":true,"href":"https:\/\/archive.sana.sy\/es\/index.php?rest_route=%2Fwp%2Fv2%2Fcategories&post=26252"},{"taxonomy":"post_tag","embeddable":true,"href":"https:\/\/archive.sana.sy\/es\/index.php?rest_route=%2Fwp%2Fv2%2Ftags&post=26252"}],"curies":[{"name":"wp","href":"https:\/\/api.w.org\/{rel}","templated":true}]}}