{"id":26254,"date":"2015-07-07T22:48:51","date_gmt":"2015-07-07T19:48:51","guid":{"rendered":"http:\/\/sana.sy\/es\/?p=26254"},"modified":"2015-07-07T22:48:51","modified_gmt":"2015-07-07T19:48:51","slug":"liberados-27-personas-de-la-aldea-de-eshtabrak","status":"publish","type":"post","link":"https:\/\/archive.sana.sy\/es\/?p=26254","title":{"rendered":"Liberados 27 personas de la aldea de Eshtabrak"},"content":{"rendered":"<p><span style=\"color: #800000\">Hama-SANA<\/span><\/p>\n<p>Las autoridades sirias han anunciado la liberaci\u00f3n de 27 civiles de la aldea de Eshtabrak en la provincia de Idlib, que se encontraban secuestrados por el grupo terrorista El Frente al-Nusra, en uno de sus posiciones del noreste del pa\u00eds.<\/p>\n<p>Han sido evacuados y trasladados a la aldea de al-Rabia\u00e1 en la provincia de Hama. All\u00ed se proceder\u00e1 a su identificaci\u00f3n\u00bb, ha se\u00f1alado la agencia SANA. La ofensiva se centr\u00f3 en \u00abrescatar a los civiles presos\u00bb, adem\u00e1s de destruir \u00abla mayor parte de los campamentos de terroristas.<\/p>\n<p>Es de se\u00f1alar, que la aldea de Eshtabrak ha sido un blanco de los terroristas del frente al-Nusra el 27 de abril de este a\u00f1o, donde los milicianos masacraron a cientos de los aldeanos, la mayor\u00eda eran ni\u00f1os y mujeres.<\/p>\n<p>M.Miri, Riad.Sh<\/p>\n","protected":false},"excerpt":{"rendered":"<p>Hama-SANA Las autoridades sirias han anunciado la liberaci\u00f3n de 27 civiles de la aldea de Eshtabrak en la provincia de Idlib, que se encontraban secuestrados por el grupo terrorista El Frente al-Nusra, en uno de sus posiciones del noreste del pa\u00eds. Han sido evacuados y trasladados a la aldea de al-Rabia\u00e1 en la provincia de &hellip;<\/p>\n","protected":false},"author":1,"featured_media":21384,"comment_status":"closed","ping_status":"closed","sticky":false,"template":"","format":"standard","meta":{"footnotes":""},"categories":[477,597,573,476],"tags":[5898],"class_list":["post-26254","post","type-post","status-publish","format-standard","has-post-thumbnail","","category-noticias-edulcorantes","category-cinta-de-noticias","category-la-realidad-de-los-acontecimientos-en-siria","category-locales","tag-liberados-27-personas-de-la-aldea-de-eshtabrak"],"_links":{"self":[{"href":"https:\/\/archive.sana.sy\/es\/index.php?rest_route=\/wp\/v2\/posts\/26254"}],"collection":[{"href":"https:\/\/archive.sana.sy\/es\/index.php?rest_route=\/wp\/v2\/posts"}],"about":[{"href":"https:\/\/archive.sana.sy\/es\/index.php?rest_route=\/wp\/v2\/types\/post"}],"author":[{"embeddable":true,"href":"https:\/\/archive.sana.sy\/es\/index.php?rest_route=\/wp\/v2\/users\/1"}],"replies":[{"embeddable":true,"href":"https:\/\/archive.sana.sy\/es\/index.php?rest_route=%2Fwp%2Fv2%2Fcomments&post=26254"}],"version-history":[{"count":0,"href":"https:\/\/archive.sana.sy\/es\/index.php?rest_route=\/wp\/v2\/posts\/26254\/revisions"}],"wp:featuredmedia":[{"embeddable":true,"href":"https:\/\/archive.sana.sy\/es\/index.php?rest_route=\/wp\/v2\/media\/21384"}],"wp:attachment":[{"href":"https:\/\/archive.sana.sy\/es\/index.php?rest_route=%2Fwp%2Fv2%2Fmedia&parent=26254"}],"wp:term":[{"taxonomy":"category","embeddable":true,"href":"https:\/\/archive.sana.sy\/es\/index.php?rest_route=%2Fwp%2Fv2%2Fcategories&post=26254"},{"taxonomy":"post_tag","embeddable":true,"href":"https:\/\/archive.sana.sy\/es\/index.php?rest_route=%2Fwp%2Fv2%2Ftags&post=26254"}],"curies":[{"name":"wp","href":"https:\/\/api.w.org\/{rel}","templated":true}]}}