{"id":262550,"date":"2022-11-17T17:08:35","date_gmt":"2022-11-17T15:08:35","guid":{"rendered":"http:\/\/107.6.182.27\/es\/?p=262550"},"modified":"2022-11-17T17:08:35","modified_gmt":"2022-11-17T15:08:35","slug":"siria-y-rusia-abogan-por-mayor-cooperacion-ambiental","status":"publish","type":"post","link":"https:\/\/archive.sana.sy\/es\/?p=262550","title":{"rendered":"Siria y Rusia abogan por mayor cooperaci\u00f3n ambiental"},"content":{"rendered":"<p style=\"text-align: justify;\"><span style=\"color: #800000;\"><strong>El Cairo, 17 nov (SANA)\u00a0<\/strong><\/span>El ministro de Administraci\u00f3n Local y Medio Ambiente, Hosein Majluf, se reuni\u00f3 con Sergei Ano Brionko, viceministro de Recursos Naturales y Medio Ambiente de la Federaci\u00f3n Rusa, al margen de la 27\u00aa Conferencia sobre Cambio Clim\u00e1tico celebrada en el balneario egipcio de Sharm el-Sheikh.<\/p>\n<p style=\"text-align: justify;\">Durante la reuni\u00f3n, ambas partes debatieron las v\u00edas de fomentar y desarrollar la cooperaci\u00f3n bilateral entre Siria y Rusia en el campo del medio ambiente y la lucha contra el cambio clim\u00e1tico para limitar sus efectos.<\/p>\n<p style=\"text-align: justify;\">Asimismo, el Titular sirio enfatiz\u00f3 la necesidad de activar el acuerdo de cooperaci\u00f3n previamente firmado entre ambos pa\u00edses en el campo del medio ambiente y celebrar reuniones bilaterales para avanzar en esta cooperaci\u00f3n.<\/p>\n<p style=\"text-align: justify;\"><em><strong>ah\/fm<\/strong><\/em><\/p>\n","protected":false},"excerpt":{"rendered":"<p>El Cairo, 17 nov (SANA)\u00a0El ministro de Administraci\u00f3n Local y Medio Ambiente, Hosein Majluf, se reuni\u00f3 con Sergei Ano Brionko, viceministro de Recursos Naturales y Medio Ambiente de la Federaci\u00f3n Rusa, al margen de la 27\u00aa Conferencia sobre Cambio Clim\u00e1tico celebrada en el balneario egipcio de Sharm el-Sheikh. Durante la reuni\u00f3n, ambas partes debatieron las &hellip;<\/p>\n","protected":false},"author":30,"featured_media":262551,"comment_status":"closed","ping_status":"closed","sticky":false,"template":"","format":"standard","meta":{"footnotes":""},"categories":[597,20724,467,7541],"tags":[],"class_list":["post-262550","post","type-post","status-publish","format-standard","has-post-thumbnail","","category-cinta-de-noticias","category-minuto-a-minuto","category-siria-y-el-mundo","category-ultimas-noticias"],"_links":{"self":[{"href":"https:\/\/archive.sana.sy\/es\/index.php?rest_route=\/wp\/v2\/posts\/262550"}],"collection":[{"href":"https:\/\/archive.sana.sy\/es\/index.php?rest_route=\/wp\/v2\/posts"}],"about":[{"href":"https:\/\/archive.sana.sy\/es\/index.php?rest_route=\/wp\/v2\/types\/post"}],"author":[{"embeddable":true,"href":"https:\/\/archive.sana.sy\/es\/index.php?rest_route=\/wp\/v2\/users\/30"}],"replies":[{"embeddable":true,"href":"https:\/\/archive.sana.sy\/es\/index.php?rest_route=%2Fwp%2Fv2%2Fcomments&post=262550"}],"version-history":[{"count":0,"href":"https:\/\/archive.sana.sy\/es\/index.php?rest_route=\/wp\/v2\/posts\/262550\/revisions"}],"wp:featuredmedia":[{"embeddable":true,"href":"https:\/\/archive.sana.sy\/es\/index.php?rest_route=\/wp\/v2\/media\/262551"}],"wp:attachment":[{"href":"https:\/\/archive.sana.sy\/es\/index.php?rest_route=%2Fwp%2Fv2%2Fmedia&parent=262550"}],"wp:term":[{"taxonomy":"category","embeddable":true,"href":"https:\/\/archive.sana.sy\/es\/index.php?rest_route=%2Fwp%2Fv2%2Fcategories&post=262550"},{"taxonomy":"post_tag","embeddable":true,"href":"https:\/\/archive.sana.sy\/es\/index.php?rest_route=%2Fwp%2Fv2%2Ftags&post=262550"}],"curies":[{"name":"wp","href":"https:\/\/api.w.org\/{rel}","templated":true}]}}