{"id":26256,"date":"2015-07-07T23:00:16","date_gmt":"2015-07-07T20:00:16","guid":{"rendered":"http:\/\/sana.sy\/es\/?p=26256"},"modified":"2015-07-08T15:36:20","modified_gmt":"2015-07-08T12:36:20","slug":"siria-recuera-65-000-piezas-arqueologicas-robadas-por-los-terroristas-hasta-la-fecha","status":"publish","type":"post","link":"https:\/\/archive.sana.sy\/es\/?p=26256","title":{"rendered":"Siria recuera 65.000 piezas arqueol\u00f3gicas robadas por los terroristas hasta la fecha"},"content":{"rendered":"<p><span style=\"color: #800000\">Damasco-SANA<\/span><\/p>\n<p style=\"text-align: justify\">El Director General de Arqueolog\u00eda y Antig\u00fcedades Ma\u00e1moun Abdelkarim, anunci\u00f3 el martes que a esta fecha, la Direcci\u00f3n ha recibido un total de 65.000 piezas arqueol\u00f3gicas que hab\u00edan sido saqueadas por los terroristas durante los \u00faltimos cuatro a\u00f1os.<\/p>\n<p style=\"text-align: justify\">En una declaraci\u00f3n a SANA, Abdelkarim dijo que las antig\u00fcedades, que fueron robadas por los terroristas y traficadas con los pa\u00edses vecinos, son variadas en tama\u00f1o, y algunos de ellos eran r\u00e9plicas.<\/p>\n<p style=\"text-align: justify\">En el mismo contexto, Abdelkarim elogi\u00f3 el papel de las autoridades libanesas en la devoluci\u00f3n de un centenar de artefactos de diferentes formas y tama\u00f1os, incluyendo mosaicos, bustos de Palmira, coronas romanas y reliquias bizantinas.<\/p>\n<p style=\"text-align: justify\">Abdelkarim se\u00f1al\u00f3 que la Direcci\u00f3n, a trav\u00e9s de la cooperaci\u00f3n con la comunidad y organizaciones internacionales, en particular la (UNESCO), ha logrado presionar a los pa\u00edses vecinos para que reforzaran el control de sus fronteras y as\u00ed evitar el contrabando de artefactos sirios, adem\u00e1s de supervisar los mercados negros de Europa y los pa\u00edses del Golfo.<\/p>\n<p>M.Miri, Riad.Sh<\/p>\n","protected":false},"excerpt":{"rendered":"<p>Damasco-SANA El Director General de Arqueolog\u00eda y Antig\u00fcedades Ma\u00e1moun Abdelkarim, anunci\u00f3 el martes que a esta fecha, la Direcci\u00f3n ha recibido un total de 65.000 piezas arqueol\u00f3gicas que hab\u00edan sido saqueadas por los terroristas durante los \u00faltimos cuatro a\u00f1os. En una declaraci\u00f3n a SANA, Abdelkarim dijo que las antig\u00fcedades, que fueron robadas por los terroristas &hellip;<\/p>\n","protected":false},"author":1,"featured_media":26257,"comment_status":"closed","ping_status":"closed","sticky":false,"template":"","format":"standard","meta":{"footnotes":""},"categories":[477,510,476,515],"tags":[5899],"class_list":["post-26256","post","type-post","status-publish","format-standard","has-post-thumbnail","","category-noticias-edulcorantes","category-arte-y-cultura","category-locales","category-noticias-arte-y-cultura","tag-siria-recuera-65-000-piezas-arqueologicas-robadas-por-los-terroristas-hasta-la-fecha"],"_links":{"self":[{"href":"https:\/\/archive.sana.sy\/es\/index.php?rest_route=\/wp\/v2\/posts\/26256"}],"collection":[{"href":"https:\/\/archive.sana.sy\/es\/index.php?rest_route=\/wp\/v2\/posts"}],"about":[{"href":"https:\/\/archive.sana.sy\/es\/index.php?rest_route=\/wp\/v2\/types\/post"}],"author":[{"embeddable":true,"href":"https:\/\/archive.sana.sy\/es\/index.php?rest_route=\/wp\/v2\/users\/1"}],"replies":[{"embeddable":true,"href":"https:\/\/archive.sana.sy\/es\/index.php?rest_route=%2Fwp%2Fv2%2Fcomments&post=26256"}],"version-history":[{"count":0,"href":"https:\/\/archive.sana.sy\/es\/index.php?rest_route=\/wp\/v2\/posts\/26256\/revisions"}],"wp:featuredmedia":[{"embeddable":true,"href":"https:\/\/archive.sana.sy\/es\/index.php?rest_route=\/wp\/v2\/media\/26257"}],"wp:attachment":[{"href":"https:\/\/archive.sana.sy\/es\/index.php?rest_route=%2Fwp%2Fv2%2Fmedia&parent=26256"}],"wp:term":[{"taxonomy":"category","embeddable":true,"href":"https:\/\/archive.sana.sy\/es\/index.php?rest_route=%2Fwp%2Fv2%2Fcategories&post=26256"},{"taxonomy":"post_tag","embeddable":true,"href":"https:\/\/archive.sana.sy\/es\/index.php?rest_route=%2Fwp%2Fv2%2Ftags&post=26256"}],"curies":[{"name":"wp","href":"https:\/\/api.w.org\/{rel}","templated":true}]}}