{"id":262565,"date":"2022-11-17T18:17:41","date_gmt":"2022-11-17T16:17:41","guid":{"rendered":"http:\/\/107.6.182.27\/es\/?p=262565"},"modified":"2023-01-10T15:50:10","modified_gmt":"2023-01-10T13:50:10","slug":"peskov-ratifica-disposicion-de-su-pais-a-negociaciones-con-kiev","status":"publish","type":"post","link":"https:\/\/archive.sana.sy\/es\/?p=262565","title":{"rendered":"Peskov ratifica disposici\u00f3n de su pa\u00eds a negociaciones con Kiev"},"content":{"rendered":"<p style=\"text-align: justify;\"><strong>Mosc\u00fa, 17 nov (SANA)<\/strong> El portavoz presidencial ruso, Dmitry Peskov, anunci\u00f3 que su pa\u00eds est\u00e1 abierto a negociaciones con Ucrania, y las autoridades de Kiev conocen bien esta postura.<\/p>\n<p style=\"text-align: justify;\">\u201cCualquier negociaci\u00f3n tiene objetivos, y nuestros objetivos son bien conocidos y pueden lograrse a trav\u00e9s de la operaci\u00f3n militar especial o a trav\u00e9s de negociaciones, y Rusia est\u00e1 abierta a ambas v\u00edas, y su posici\u00f3n es clara al respecto\u201d, seg\u00fan difundi\u00f3 RT citando a Peskov.<\/p>\n<p style=\"text-align: justify;\">Asimismo, el vocero ruso enfatiz\u00f3 que la parte ucraniana cambia sus posiciones con respecto a las negociaciones peri\u00f3dicamente, ya que a veces las tiende y otras veces las rechaza categ\u00f3ricamente o las quiere en forma de sesiones p\u00fablicas, lo que indica que las autoridades de Kiev realmente no quieren ninguna negociaci\u00f3n.<\/p>\n<p style=\"text-align: justify;\"><em><strong>ah\/sm<\/strong><\/em><\/p>\n","protected":false},"excerpt":{"rendered":"<p>Mosc\u00fa, 17 nov (SANA) El portavoz presidencial ruso, Dmitry Peskov, anunci\u00f3 que su pa\u00eds est\u00e1 abierto a negociaciones con Ucrania, y las autoridades de Kiev conocen bien esta postura. \u201cCualquier negociaci\u00f3n tiene objetivos, y nuestros objetivos son bien conocidos y pueden lograrse a trav\u00e9s de la operaci\u00f3n militar especial o a trav\u00e9s de negociaciones, y &hellip;<\/p>\n","protected":false},"author":30,"featured_media":262566,"comment_status":"closed","ping_status":"closed","sticky":false,"template":"","format":"standard","meta":{"footnotes":""},"categories":[456,20724],"tags":[],"class_list":["post-262565","post","type-post","status-publish","format-standard","has-post-thumbnail","","category-arabe-internacional-politica","category-minuto-a-minuto"],"_links":{"self":[{"href":"https:\/\/archive.sana.sy\/es\/index.php?rest_route=\/wp\/v2\/posts\/262565"}],"collection":[{"href":"https:\/\/archive.sana.sy\/es\/index.php?rest_route=\/wp\/v2\/posts"}],"about":[{"href":"https:\/\/archive.sana.sy\/es\/index.php?rest_route=\/wp\/v2\/types\/post"}],"author":[{"embeddable":true,"href":"https:\/\/archive.sana.sy\/es\/index.php?rest_route=\/wp\/v2\/users\/30"}],"replies":[{"embeddable":true,"href":"https:\/\/archive.sana.sy\/es\/index.php?rest_route=%2Fwp%2Fv2%2Fcomments&post=262565"}],"version-history":[{"count":0,"href":"https:\/\/archive.sana.sy\/es\/index.php?rest_route=\/wp\/v2\/posts\/262565\/revisions"}],"wp:featuredmedia":[{"embeddable":true,"href":"https:\/\/archive.sana.sy\/es\/index.php?rest_route=\/wp\/v2\/media\/262566"}],"wp:attachment":[{"href":"https:\/\/archive.sana.sy\/es\/index.php?rest_route=%2Fwp%2Fv2%2Fmedia&parent=262565"}],"wp:term":[{"taxonomy":"category","embeddable":true,"href":"https:\/\/archive.sana.sy\/es\/index.php?rest_route=%2Fwp%2Fv2%2Fcategories&post=262565"},{"taxonomy":"post_tag","embeddable":true,"href":"https:\/\/archive.sana.sy\/es\/index.php?rest_route=%2Fwp%2Fv2%2Ftags&post=262565"}],"curies":[{"name":"wp","href":"https:\/\/api.w.org\/{rel}","templated":true}]}}