{"id":262588,"date":"2022-11-17T20:08:47","date_gmt":"2022-11-17T18:08:47","guid":{"rendered":"http:\/\/107.6.182.27\/es\/?p=262588"},"modified":"2023-01-10T15:50:09","modified_gmt":"2023-01-10T13:50:09","slug":"mueren-cinco-miembros-de-seguridad-irani-por-disturbios-en-el-pais","status":"publish","type":"post","link":"https:\/\/archive.sana.sy\/es\/?p=262588","title":{"rendered":"Mueren asesinados cinco miembros de seguridad iran\u00edes por disturbios en el pa\u00eds"},"content":{"rendered":"<p style=\"text-align: justify;\"><span style=\"color: #800000;\"><strong>Teher\u00e1n, 17 nov (SANA)<\/strong>\u00a0<\/span> Las autoridades iran\u00edes anunciaron hoy el asesinato de cinco miembros del personal de seguridad mientras respond\u00edan a disturbios y vandalismo en varias ciudades del pa\u00eds.<\/p>\n<p style=\"text-align: justify;\">En la ciudad de Sanandaj, al oeste de Ir\u00e1n, se anunci\u00f3 que un oficial de polic\u00eda fue asesinado a pu\u00f1aladas, mientras dos miembros de las fuerzas de movilizaci\u00f3n fueron asesinados con armas blancas y otros tres resultaron heridos en la ciudad de Mashhad, en el noreste del pa\u00eds, a manos de los alborotadores.<\/p>\n<p style=\"text-align: justify;\">Asimismo, dos guardias fronterizos fueron asesinados en la ciudad fronteriza de Saravan con Pakist\u00e1n en la provincia de Sistan y Baluchist\u00e1n, mientras cumpl\u00edan con sus funciones.<\/p>\n<p style=\"text-align: justify;\">En v\u00edsperas, se produjeron dos ataques terroristas en las ciudades iran\u00edes de Isfahan e Izeh, que provocaron la muerte de 10 personas y la lesi\u00f3n de otras.<\/p>\n<p style=\"text-align: justify;\">sm<\/p>\n","protected":false},"excerpt":{"rendered":"<p>Teher\u00e1n, 17 nov (SANA)\u00a0 Las autoridades iran\u00edes anunciaron hoy el asesinato de cinco miembros del personal de seguridad mientras respond\u00edan a disturbios y vandalismo en varias ciudades del pa\u00eds. En la ciudad de Sanandaj, al oeste de Ir\u00e1n, se anunci\u00f3 que un oficial de polic\u00eda fue asesinado a pu\u00f1aladas, mientras dos miembros de las fuerzas &hellip;<\/p>\n","protected":false},"author":39,"featured_media":262589,"comment_status":"closed","ping_status":"closed","sticky":false,"template":"","format":"standard","meta":{"footnotes":""},"categories":[597,456,20724,7541],"tags":[21496,2866],"class_list":["post-262588","post","type-post","status-publish","format-standard","has-post-thumbnail","","category-cinta-de-noticias","category-arabe-internacional-politica","category-minuto-a-minuto","category-ultimas-noticias","tag-disturbios","tag-iran"],"_links":{"self":[{"href":"https:\/\/archive.sana.sy\/es\/index.php?rest_route=\/wp\/v2\/posts\/262588"}],"collection":[{"href":"https:\/\/archive.sana.sy\/es\/index.php?rest_route=\/wp\/v2\/posts"}],"about":[{"href":"https:\/\/archive.sana.sy\/es\/index.php?rest_route=\/wp\/v2\/types\/post"}],"author":[{"embeddable":true,"href":"https:\/\/archive.sana.sy\/es\/index.php?rest_route=\/wp\/v2\/users\/39"}],"replies":[{"embeddable":true,"href":"https:\/\/archive.sana.sy\/es\/index.php?rest_route=%2Fwp%2Fv2%2Fcomments&post=262588"}],"version-history":[{"count":0,"href":"https:\/\/archive.sana.sy\/es\/index.php?rest_route=\/wp\/v2\/posts\/262588\/revisions"}],"wp:featuredmedia":[{"embeddable":true,"href":"https:\/\/archive.sana.sy\/es\/index.php?rest_route=\/wp\/v2\/media\/262589"}],"wp:attachment":[{"href":"https:\/\/archive.sana.sy\/es\/index.php?rest_route=%2Fwp%2Fv2%2Fmedia&parent=262588"}],"wp:term":[{"taxonomy":"category","embeddable":true,"href":"https:\/\/archive.sana.sy\/es\/index.php?rest_route=%2Fwp%2Fv2%2Fcategories&post=262588"},{"taxonomy":"post_tag","embeddable":true,"href":"https:\/\/archive.sana.sy\/es\/index.php?rest_route=%2Fwp%2Fv2%2Ftags&post=262588"}],"curies":[{"name":"wp","href":"https:\/\/api.w.org\/{rel}","templated":true}]}}