{"id":26268,"date":"2015-07-08T11:05:12","date_gmt":"2015-07-08T08:05:12","guid":{"rendered":"http:\/\/sana.sy\/es\/?p=26268"},"modified":"2015-07-08T11:15:52","modified_gmt":"2015-07-08T08:15:52","slug":"gatilov-rusia-espera-resultados-practicos-de-la-tercera-ronda-de-consultas-intersirias-en-moscu","status":"publish","type":"post","link":"https:\/\/archive.sana.sy\/es\/?p=26268","title":{"rendered":"Gatilov: Rusia espera resultados pr\u00e1cticos de la tercera ronda de consultas intersirias en Mosc\u00fa"},"content":{"rendered":"<div><span lang=\"ES-TRAD\" style=\"color: #ff0000\">Nueva York, SANA<\/span><\/div>\n<div><\/div>\n<div><span lang=\"ES-TRAD\">El vicecanciller ruso Gennady Gatilov, dijo que su pa\u00eds espera resultados pr\u00e1cticos de la tercera ronda de consultas intersirias en Mosc\u00fa.<\/span><\/div>\n<div><\/div>\n<div><span lang=\"ES-TRAD\">En una declaraci\u00f3n a los periodistas en las Naciones Unidas, Gatilov dijo que hasta el momento se celebraron dos reuniones de consulta en las que hubo discusiones constructivas, diciendo que es preferible que una tercera reuni\u00f3n salga con resultados pr\u00e1cticos.<\/span><\/div>\n<div><\/div>\n<div><span lang=\"ES-TRAD\">Gatilov se\u00f1al\u00f3 que no se ha fijado una fecha para la tercera reuni\u00f3n entre el gobierno sirio y la &#8220;oposici\u00f3n&#8221; en Mosc\u00fa, y agreg\u00f3 que &#8221; Mosc\u00f3 acoger\u00e1 dicha reuni\u00f3n si las partes en el proceso de negociaci\u00f3n sirio tienen voluntad pol\u00edtica de hacerlo.<\/span><\/div>\n<div><\/div>\n<div><span lang=\"ES-TRAD\">El Enviado Especial del Presidente de Rusia para Oriente Medio y el Norte de \u00c1frica, vicecanciller Mija\u00edl Bogd\u00e1nov, hab\u00eda anunciado en junio pasado que Mosc\u00fa est\u00e1 dispuesta a acoger una tercera ronda de consultas entre el gobierno sirio y la &#8220;oposici\u00f3n&#8221;, indicando que la direcci\u00f3n siria siempre ha sido abierta hacia el di\u00e1logo.<\/span><\/div>\n<div><\/div>\n<div><span style=\"color: #00ccff\">Fady M., Hala B.<\/span><\/div>\n<div class=\"yj6qo ajU\">\n<div id=\":vw\" class=\"ajR\"><img decoding=\"async\" class=\"ajT\" src=\"https:\/\/ssl.gstatic.com\/ui\/v1\/icons\/mail\/images\/cleardot.gif\" alt=\"\" \/><\/div>\n<\/div>\n","protected":false},"excerpt":{"rendered":"<p>Nueva York, SANA El vicecanciller ruso Gennady Gatilov, dijo que su pa\u00eds espera resultados pr\u00e1cticos de la tercera ronda de consultas intersirias en Mosc\u00fa. En una declaraci\u00f3n a los periodistas en las Naciones Unidas, Gatilov dijo que hasta el momento se celebraron dos reuniones de consulta en las que hubo discusiones constructivas, diciendo que es &hellip;<\/p>\n","protected":false},"author":1,"featured_media":26270,"comment_status":"closed","ping_status":"closed","sticky":false,"template":"","format":"standard","meta":{"footnotes":""},"categories":[456,576],"tags":[5903],"class_list":["post-26268","post","type-post","status-publish","format-standard","has-post-thumbnail","","category-arabe-internacional-politica","category-noticias-politicas","tag-gatilov-rusia-espera-resultados-practicos-de-la-tercera-ronda-de-consultas-intersirias-en-moscu"],"_links":{"self":[{"href":"https:\/\/archive.sana.sy\/es\/index.php?rest_route=\/wp\/v2\/posts\/26268"}],"collection":[{"href":"https:\/\/archive.sana.sy\/es\/index.php?rest_route=\/wp\/v2\/posts"}],"about":[{"href":"https:\/\/archive.sana.sy\/es\/index.php?rest_route=\/wp\/v2\/types\/post"}],"author":[{"embeddable":true,"href":"https:\/\/archive.sana.sy\/es\/index.php?rest_route=\/wp\/v2\/users\/1"}],"replies":[{"embeddable":true,"href":"https:\/\/archive.sana.sy\/es\/index.php?rest_route=%2Fwp%2Fv2%2Fcomments&post=26268"}],"version-history":[{"count":0,"href":"https:\/\/archive.sana.sy\/es\/index.php?rest_route=\/wp\/v2\/posts\/26268\/revisions"}],"wp:featuredmedia":[{"embeddable":true,"href":"https:\/\/archive.sana.sy\/es\/index.php?rest_route=\/wp\/v2\/media\/26270"}],"wp:attachment":[{"href":"https:\/\/archive.sana.sy\/es\/index.php?rest_route=%2Fwp%2Fv2%2Fmedia&parent=26268"}],"wp:term":[{"taxonomy":"category","embeddable":true,"href":"https:\/\/archive.sana.sy\/es\/index.php?rest_route=%2Fwp%2Fv2%2Fcategories&post=26268"},{"taxonomy":"post_tag","embeddable":true,"href":"https:\/\/archive.sana.sy\/es\/index.php?rest_route=%2Fwp%2Fv2%2Ftags&post=26268"}],"curies":[{"name":"wp","href":"https:\/\/api.w.org\/{rel}","templated":true}]}}