{"id":262681,"date":"2022-11-18T15:00:21","date_gmt":"2022-11-18T13:00:21","guid":{"rendered":"http:\/\/107.6.182.27\/es\/?p=262681"},"modified":"2023-01-10T15:50:07","modified_gmt":"2023-01-10T13:50:07","slug":"las-investigaciones-confirman-que-explosiones-del-nord-stream-fueron-un-sabotaje-afirma-seguridad-sueca","status":"publish","type":"post","link":"https:\/\/archive.sana.sy\/es\/?p=262681","title":{"rendered":"Las investigaciones confirman que explosiones del Nord Stream fueron un sabotaje, afirma seguridad sueca"},"content":{"rendered":"<p style=\"text-align: justify;\"><span style=\"color: #800000;\"><strong>Estocolmo, 18 nov (SANA)\u00a0<\/strong><\/span> La seguridad sueca afirm\u00f3 que las investigaciones sobre las explosiones en los gasoductos de \u201cNord Stream\u201d evidencian que se trat\u00f3 de un acto de sabotaje.<\/p>\n<p style=\"text-align: justify;\">&#8220;La investigaci\u00f3n revel\u00f3 que los gasoductos fueron blanco de un sabotaje severo&#8221;, dijo la seguridad del pa\u00eds europeo mediante una declaraci\u00f3n difundida por Sputnik.<\/p>\n<p style=\"text-align: justify;\">Es de destacar que tres l\u00edneas del sistema \u201cNord Stream\u201d ubicadas en las aguas econ\u00f3micas de Dinamarca y Suecia fueron da\u00f1adas como resultado del sabotaje, y solo una l\u00ednea permaneci\u00f3 sin da\u00f1os.<\/p>\n<p style=\"text-align: justify;\">\u0633\u0629\/\u0628\u0629<\/p>\n","protected":false},"excerpt":{"rendered":"<p>Estocolmo, 18 nov (SANA)\u00a0 La seguridad sueca afirm\u00f3 que las investigaciones sobre las explosiones en los gasoductos de \u201cNord Stream\u201d evidencian que se trat\u00f3 de un acto de sabotaje. &#8220;La investigaci\u00f3n revel\u00f3 que los gasoductos fueron blanco de un sabotaje severo&#8221;, dijo la seguridad del pa\u00eds europeo mediante una declaraci\u00f3n difundida por Sputnik. Es de &hellip;<\/p>\n","protected":false},"author":39,"featured_media":262682,"comment_status":"closed","ping_status":"closed","sticky":false,"template":"","format":"standard","meta":{"footnotes":""},"categories":[597,456,20724,7541],"tags":[21065,20763,21503],"class_list":["post-262681","post","type-post","status-publish","format-standard","has-post-thumbnail","","category-cinta-de-noticias","category-arabe-internacional-politica","category-minuto-a-minuto","category-ultimas-noticias","tag-nord-stream","tag-sabotaje","tag-seguridad-sueca"],"_links":{"self":[{"href":"https:\/\/archive.sana.sy\/es\/index.php?rest_route=\/wp\/v2\/posts\/262681"}],"collection":[{"href":"https:\/\/archive.sana.sy\/es\/index.php?rest_route=\/wp\/v2\/posts"}],"about":[{"href":"https:\/\/archive.sana.sy\/es\/index.php?rest_route=\/wp\/v2\/types\/post"}],"author":[{"embeddable":true,"href":"https:\/\/archive.sana.sy\/es\/index.php?rest_route=\/wp\/v2\/users\/39"}],"replies":[{"embeddable":true,"href":"https:\/\/archive.sana.sy\/es\/index.php?rest_route=%2Fwp%2Fv2%2Fcomments&post=262681"}],"version-history":[{"count":0,"href":"https:\/\/archive.sana.sy\/es\/index.php?rest_route=\/wp\/v2\/posts\/262681\/revisions"}],"wp:featuredmedia":[{"embeddable":true,"href":"https:\/\/archive.sana.sy\/es\/index.php?rest_route=\/wp\/v2\/media\/262682"}],"wp:attachment":[{"href":"https:\/\/archive.sana.sy\/es\/index.php?rest_route=%2Fwp%2Fv2%2Fmedia&parent=262681"}],"wp:term":[{"taxonomy":"category","embeddable":true,"href":"https:\/\/archive.sana.sy\/es\/index.php?rest_route=%2Fwp%2Fv2%2Fcategories&post=262681"},{"taxonomy":"post_tag","embeddable":true,"href":"https:\/\/archive.sana.sy\/es\/index.php?rest_route=%2Fwp%2Fv2%2Ftags&post=262681"}],"curies":[{"name":"wp","href":"https:\/\/api.w.org\/{rel}","templated":true}]}}