{"id":262689,"date":"2022-11-18T16:28:48","date_gmt":"2022-11-18T14:28:48","guid":{"rendered":"http:\/\/107.6.182.27\/es\/?p=262689"},"modified":"2022-11-18T16:28:48","modified_gmt":"2022-11-18T14:28:48","slug":"continuan-operaciones-de-peinado-y-desminado-del-vecindario-de-tariq-al-saad","status":"publish","type":"post","link":"https:\/\/archive.sana.sy\/es\/?p=262689","title":{"rendered":"Contin\u00faan operaciones de peinado y desminado del vecindario de Tariq Al-Saad"},"content":{"rendered":"<blockquote>\n<p style=\"text-align: justify;\"><span style=\"color: #800000;\"><strong>Algunos de los explosivos est\u00e1n destinados a minas motocicletas mientras otros tienen la forma de cilindros de ox\u00edgeno para facilitar su transporte, as\u00ed como se incautaron\u00a0 minas conectadas entre s\u00ed y tienen un alto poder destructivo, precis\u00f3 la fuente.<\/strong><\/span><\/p>\n<\/blockquote>\n<p style=\"text-align: justify;\">Deraa, 18 nov (SANA)\u00a0 Una fuente de las fuerzas de seguridad inform\u00f3 hoy a la agencia SANA que durante las operaciones de peinado y registro en el vecindario de Tariq Al-Saad de la ciudad de Deraa, fue hallados artefactos explosivos de varias formas y pesos, incluidas grandes cantidades de explosivos, en la casa del eliminado terrorista Muayad Harfush, l\u00edder de la organizaci\u00f3n terrorista Estado Isl\u00e1mico (Daesh), en el sur de Siria.<\/p>\n<p style=\"text-align: justify;\">Algunos de los explosivos est\u00e1n destinados a minas motocicletas mientras otros tienen la forma de cilindros de ox\u00edgeno para facilitar su transporte, as\u00ed como se incautaron\u00a0 minas conectadas entre s\u00ed y tienen un alto poder destructivo, precis\u00f3 la fuente.<\/p>\n<p style=\"text-align: justify;\">Agreg\u00f3 que los zapadores contin\u00faan sus tareas de peinado para desactivar todo tipo de bombas y minas remanentes de los terroristas.<\/p>\n<p style=\"text-align: justify;\">Las autoridades competentes incautaron el mi\u00e9rcoles \u00faltimo grandes cantidades de armas y municiones dejadas por el Daesh en el referido barrio que fue liberado el \u00faltimo martes por el ej\u00e9rcito sirio.<\/p>\n<p style=\"text-align: justify;\">fm\/sm<\/p>\n","protected":false},"excerpt":{"rendered":"<p>Algunos de los explosivos est\u00e1n destinados a minas motocicletas mientras otros tienen la forma de cilindros de ox\u00edgeno para facilitar su transporte, as\u00ed como se incautaron\u00a0 minas conectadas entre s\u00ed y tienen un alto poder destructivo, precis\u00f3 la fuente. Deraa, 18 nov (SANA)\u00a0 Una fuente de las fuerzas de seguridad inform\u00f3 hoy a la agencia &hellip;<\/p>\n","protected":false},"author":39,"featured_media":262690,"comment_status":"closed","ping_status":"closed","sticky":false,"template":"","format":"standard","meta":{"footnotes":""},"categories":[477,597,583],"tags":[19820,21505],"class_list":["post-262689","post","type-post","status-publish","format-standard","has-post-thumbnail","","category-noticias-edulcorantes","category-cinta-de-noticias","category-slide","tag-peinado","tag-tariq-al-saad"],"_links":{"self":[{"href":"https:\/\/archive.sana.sy\/es\/index.php?rest_route=\/wp\/v2\/posts\/262689"}],"collection":[{"href":"https:\/\/archive.sana.sy\/es\/index.php?rest_route=\/wp\/v2\/posts"}],"about":[{"href":"https:\/\/archive.sana.sy\/es\/index.php?rest_route=\/wp\/v2\/types\/post"}],"author":[{"embeddable":true,"href":"https:\/\/archive.sana.sy\/es\/index.php?rest_route=\/wp\/v2\/users\/39"}],"replies":[{"embeddable":true,"href":"https:\/\/archive.sana.sy\/es\/index.php?rest_route=%2Fwp%2Fv2%2Fcomments&post=262689"}],"version-history":[{"count":0,"href":"https:\/\/archive.sana.sy\/es\/index.php?rest_route=\/wp\/v2\/posts\/262689\/revisions"}],"wp:featuredmedia":[{"embeddable":true,"href":"https:\/\/archive.sana.sy\/es\/index.php?rest_route=\/wp\/v2\/media\/262690"}],"wp:attachment":[{"href":"https:\/\/archive.sana.sy\/es\/index.php?rest_route=%2Fwp%2Fv2%2Fmedia&parent=262689"}],"wp:term":[{"taxonomy":"category","embeddable":true,"href":"https:\/\/archive.sana.sy\/es\/index.php?rest_route=%2Fwp%2Fv2%2Fcategories&post=262689"},{"taxonomy":"post_tag","embeddable":true,"href":"https:\/\/archive.sana.sy\/es\/index.php?rest_route=%2Fwp%2Fv2%2Ftags&post=262689"}],"curies":[{"name":"wp","href":"https:\/\/api.w.org\/{rel}","templated":true}]}}