{"id":262713,"date":"2022-11-18T20:56:08","date_gmt":"2022-11-18T18:56:08","guid":{"rendered":"http:\/\/107.6.182.27\/es\/?p=262713"},"modified":"2022-11-18T20:56:08","modified_gmt":"2022-11-18T18:56:08","slug":"tribus-y-clanes-de-qamishli-reiteran-rechazo-a-la-presencia-ilegal-de-fuerzas-extranjeras-en-siria","status":"publish","type":"post","link":"https:\/\/archive.sana.sy\/es\/?p=262713","title":{"rendered":"Tribus y clanes de Qamishli reiteran rechazo a la presencia ilegal de fuerzas extranjeras en Siria"},"content":{"rendered":"<p style=\"text-align: justify;\"><span style=\"color: #800000;\"><strong>Hasakeh, 18 nov (SANA)\u00a0 \u00a0<\/strong><\/span>El Consejo de Jeques y Notables de las Tribus y Clanes Sirios en la gobernaci\u00f3n de Hasakeh reiteraron su rechazo a la presencia de las tropas estadounidense y turca en territorio sirio.<\/p>\n<p style=\"text-align: justify;\">Esta postura fue expresada este viernes durante una reuni\u00f3n del Consejo en la ciudad de Qamishli.<\/p>\n<p style=\"text-align: justify;\">\u201cLa presencia estadounidense en la regi\u00f3n es ileg\u00edtima y tiene como objetivo privar el pueblo sirio de las riquezas de su pa\u00eds, servir los intereses del enemigo israel\u00ed y despertar disensiones\u201d, indic\u00f3 el Consejo en una declaraci\u00f3n.<\/p>\n<p style=\"text-align: justify;\">Asimismo, consider\u00f3 que las reuniones celebradas por las entidades ocupantes tienen por objetivo socavar los esfuerzos de la comunidad internacional, las Naciones Unidas y los pa\u00edses garantes de la f\u00f3rmula Astana para resolver la crisis siria.<\/p>\n<p style=\"text-align: justify;\">\u201cTodos los que asistan a tales reuniones patrocinadas por Washington son traidores y contribuyentes al plan sionista-estadounidense que apoya el proyecto separatista en la regi\u00f3n siria de al-Jazeera\u201d, enfatiz\u00f3 el Consejo.<\/p>\n<p style=\"text-align: justify;\">Llam\u00f3 a respaldar los esfuerzos del Ej\u00e9rcito \u00c1rabe Sirio para hacer frente a los designios agresivos de los ocupantes estadounidense y turco destinados a lograr los intereses del sionismo global.<\/p>\n<p style=\"text-align: justify;\">rr\/fm<\/p>\n","protected":false},"excerpt":{"rendered":"<p>Hasakeh, 18 nov (SANA)\u00a0 \u00a0El Consejo de Jeques y Notables de las Tribus y Clanes Sirios en la gobernaci\u00f3n de Hasakeh reiteraron su rechazo a la presencia de las tropas estadounidense y turca en territorio sirio. Esta postura fue expresada este viernes durante una reuni\u00f3n del Consejo en la ciudad de Qamishli. \u201cLa presencia estadounidense &hellip;<\/p>\n","protected":false},"author":31,"featured_media":262718,"comment_status":"closed","ping_status":"closed","sticky":false,"template":"","format":"standard","meta":{"footnotes":""},"categories":[597,476,7541],"tags":[19607,7132,16841,19886,8615,6553,19606],"class_list":["post-262713","post","type-post","status-publish","format-standard","has-post-thumbnail","","category-cinta-de-noticias","category-locales","category-ultimas-noticias","tag-clanes","tag-eeuu","tag-hasakeh","tag-ocupante","tag-qamishli","tag-siria","tag-tribus"],"_links":{"self":[{"href":"https:\/\/archive.sana.sy\/es\/index.php?rest_route=\/wp\/v2\/posts\/262713"}],"collection":[{"href":"https:\/\/archive.sana.sy\/es\/index.php?rest_route=\/wp\/v2\/posts"}],"about":[{"href":"https:\/\/archive.sana.sy\/es\/index.php?rest_route=\/wp\/v2\/types\/post"}],"author":[{"embeddable":true,"href":"https:\/\/archive.sana.sy\/es\/index.php?rest_route=\/wp\/v2\/users\/31"}],"replies":[{"embeddable":true,"href":"https:\/\/archive.sana.sy\/es\/index.php?rest_route=%2Fwp%2Fv2%2Fcomments&post=262713"}],"version-history":[{"count":0,"href":"https:\/\/archive.sana.sy\/es\/index.php?rest_route=\/wp\/v2\/posts\/262713\/revisions"}],"wp:featuredmedia":[{"embeddable":true,"href":"https:\/\/archive.sana.sy\/es\/index.php?rest_route=\/wp\/v2\/media\/262718"}],"wp:attachment":[{"href":"https:\/\/archive.sana.sy\/es\/index.php?rest_route=%2Fwp%2Fv2%2Fmedia&parent=262713"}],"wp:term":[{"taxonomy":"category","embeddable":true,"href":"https:\/\/archive.sana.sy\/es\/index.php?rest_route=%2Fwp%2Fv2%2Fcategories&post=262713"},{"taxonomy":"post_tag","embeddable":true,"href":"https:\/\/archive.sana.sy\/es\/index.php?rest_route=%2Fwp%2Fv2%2Ftags&post=262713"}],"curies":[{"name":"wp","href":"https:\/\/api.w.org\/{rel}","templated":true}]}}